{"id":16575,"date":"2025-06-15T16:28:31","date_gmt":"2025-06-15T19:28:31","guid":{"rendered":"https:\/\/laserenaradio.cl\/web\/?p=16575"},"modified":"2025-06-15T16:28:31","modified_gmt":"2025-06-15T19:28:31","slug":"temporal-deja-a-mas-de-392-mil-chilenos-sin-electricidad","status":"publish","type":"post","link":"https:\/\/laserenaradio.cl\/web\/2025\/06\/15\/temporal-deja-a-mas-de-392-mil-chilenos-sin-electricidad\/","title":{"rendered":"Temporal deja a m\u00e1s de 392 mil chilenos sin electricidad"},"content":{"rendered":"<p>Diversas precipitaciones est\u00e1n causando estragos en el centro-sur de Chile, afectando principalmente a las regiones del Biob\u00edo y La Araucan\u00eda. Seg\u00fan la Superintendencia de Electricidad y Combustibles (SEC), 392.693 clientes se encuentran sin suministro el\u00e9ctrico a las 10:55 horas del domingo, siendo estas dos regiones las m\u00e1s golpeadas.<\/p>\n<p>En detalle, el Biob\u00edo registra 158.149 clientes sin electricidad y La Araucan\u00eda, 104.112. Siguen la Regi\u00f3n de \u00d1uble con 42.041 afectados, Maule con 32.677, Los R\u00edos con 20.403 y Los Lagos con 16.319.<\/p>\n<p>En un reciente balance, el subsecretario del Interior, V\u00edctor Ramos, reiter\u00f3 la importancia de que las compa\u00f1\u00edas el\u00e9ctricas restituyan r\u00e1pidamente el suministro. &#8220;Hacemos un llamado a las empresas para que reparemos en el menor tiempo posible el suministro el\u00e9ctrico. No vamos a tolerar la interrupci\u00f3n indefinida, sabiendo que las condiciones meteorol\u00f3gicas han mejorado&#8221;, sostuvo.<\/p>\n<p>Adem\u00e1s, Ramos enfatiz\u00f3: &#8220;Vamos a estar atentos a fiscalizar que se cumplan los compromisos asumidos por estas empresas&#8221;.<\/p>\n<p>Este jueves, las distribuidoras el\u00e9ctricas iniciaron la primera etapa del temporal, pero el desaf\u00edo final estaba programado para este fin de semana. La madrugada del domingo, <a href=\"http:\/\/www.senapred.cl\">Senapred<\/a> declar\u00f3 alerta roja en Biob\u00edo; sin embargo, al mediod\u00eda se levant\u00f3 esta medida en cuanto a desbordamientos.<\/p>\n<p>El subsecretario del Interior coment\u00f3 que &#8220;la respuesta ciudadana ha sido adecuada&#8221;, aunque admiti\u00f3 que frente a sistemas clim\u00e1ticos extremos y grandes vol\u00famenes de precipitaci\u00f3n, la afectaci\u00f3n es inevitable. Se enviaron cinco mensajes Sistema de Alerta de Emergencia (SAE) para reforzar los procesos de evacuaci\u00f3n en Arauco.<\/p>\n<p>El sistema frontal afecta actualmente a la Regi\u00f3n de \u00d1uble y se espera que avance hacia Maule en el transcurso del d\u00eda, continuando su trayectoria hacia O&#8217;Higgins, Metropolitana y Valpara\u00edso.<\/p>\n","protected":false},"excerpt":{"rendered":"<p>Diversas precipitaciones est\u00e1n causando estragos en el centro-sur de Chile, afectando principalmente a las regiones del Biob\u00edo y La Araucan\u00eda. Seg\u00fan la Superintendencia de Electricidad y Combustibles (SEC), 392.693 clientes se encuentran sin suministro el\u00e9ctrico a las 10:55 horas del domingo, siendo estas dos regiones las m\u00e1s golpeadas. En detalle, el Biob\u00edo registra 158.149 clientes [&hellip;]<\/p>\n","protected":false},"author":2,"featured_media":16574,"comment_status":"closed","ping_status":"open","sticky":false,"template":"","format":"standard","meta":{"_jetpack_memberships_contains_paid_content":false,"jnews-multi-image_gallery":[],"jnews_single_post":[],"jnews_primary_category":[],"jnews_social_meta":[],"jnews_paywall_metabox":[],"jnews_review":[],"enable_review":"","type":"","name":"","summary":"","brand":"","sku":"","good":[],"bad":[],"score_override":"","override_value":"","rating":[],"price":[],"jnews_override_counter":[],"jnews_post_split":[],"footnotes":""},"categories":[21],"tags":[],"class_list":["post-16575","post","type-post","status-publish","format-standard","has-post-thumbnail","hentry","category-nacional"],"jetpack_featured_media_url":"https:\/\/laserenaradio.cl\/web\/wp-content\/uploads\/2025\/06\/homepiaiextractoscrapimg_webpTemporalMaule_0.webp","jetpack_sharing_enabled":true,"_links":{"self":[{"href":"https:\/\/laserenaradio.cl\/web\/wp-json\/wp\/v2\/posts\/16575","targetHints":{"allow":["GET"]}}],"collection":[{"href":"https:\/\/laserenaradio.cl\/web\/wp-json\/wp\/v2\/posts"}],"about":[{"href":"https:\/\/laserenaradio.cl\/web\/wp-json\/wp\/v2\/types\/post"}],"author":[{"embeddable":true,"href":"https:\/\/laserenaradio.cl\/web\/wp-json\/wp\/v2\/users\/2"}],"replies":[{"embeddable":true,"href":"https:\/\/laserenaradio.cl\/web\/wp-json\/wp\/v2\/comments?post=16575"}],"version-history":[{"count":1,"href":"https:\/\/laserenaradio.cl\/web\/wp-json\/wp\/v2\/posts\/16575\/revisions"}],"predecessor-version":[{"id":16576,"href":"https:\/\/laserenaradio.cl\/web\/wp-json\/wp\/v2\/posts\/16575\/revisions\/16576"}],"wp:featuredmedia":[{"embeddable":true,"href":"https:\/\/laserenaradio.cl\/web\/wp-json\/wp\/v2\/media\/16574"}],"wp:attachment":[{"href":"https:\/\/laserenaradio.cl\/web\/wp-json\/wp\/v2\/media?parent=16575"}],"wp:term":[{"taxonomy":"category","embeddable":true,"href":"https:\/\/laserenaradio.cl\/web\/wp-json\/wp\/v2\/categories?post=16575"},{"taxonomy":"post_tag","embeddable":true,"href":"https:\/\/laserenaradio.cl\/web\/wp-json\/wp\/v2\/tags?post=16575"}],"curies":[{"name":"wp","href":"https:\/\/api.w.org\/{rel}","templated":true}]}}