{"id":16560,"date":"2025-06-15T16:18:11","date_gmt":"2025-06-15T19:18:11","guid":{"rendered":"https:\/\/laserenaradio.cl\/web\/?p=16560"},"modified":"2025-06-15T16:18:11","modified_gmt":"2025-06-15T19:18:11","slug":"evento-meteorologico-afecta-las-zonas-del-centro-sur-de-chile","status":"publish","type":"post","link":"https:\/\/laserenaradio.cl\/web\/2025\/06\/15\/evento-meteorologico-afecta-las-zonas-del-centro-sur-de-chile\/","title":{"rendered":"Evento Meteorol\u00f3gico afecta las zonas del centro-sur de Chile."},"content":{"rendered":"<p>El subsecretario del Interior, V\u00edctor Ramos, inform\u00f3 en un punto de prensa del Servicio Nacional de Prevenci\u00f3n y Respuestas ante Desastres (<a href=\"http:\/\/www.senapred.cl\">Senapred<\/a>) que \u201chasta el momento, reportamos 107 daminificados, seis en la zona sur del Maule, 12 en \u00d1uble, 75 en Biob\u00edo y 14 en La Araucan\u00eda\u201d producto del sistema frontal que afecta la zona centro-sur del pa\u00eds.<\/p>\n<p>Adem\u00e1s, \u201cen relaci\u00f3n a las viviendas, reportamos cinco destruidas en Biob\u00edo y 30 con da\u00f1o mayor, de las cuales dos corresponden al Maule, tres a \u00d1uble, 19 en Biob\u00edo, cuatro en La Araucan\u00eda y dos en Los R\u00edos\u201d.<\/p>\n<p>A\u00f1adi\u00f3 que \u201cal menos en la regi\u00f3n del Biob\u00edo tenemos 2.967 personas afectadas. Hay siete personas en albergues y tambi\u00e9n, en este momento, tenemos a 140 mil clientes sin electricidad en esa regi\u00f3n\u201d. Tenemos tambi\u00e9n cerca de 105 mil clientes sin electricidad en la regi\u00f3n de La Araucan\u00eda\u201d, coment\u00f3 en el punto de prensa.<\/p>\n<p>Agreg\u00f3 que \u201cestas rachas de viento y lluvia, que durante la madrugada fueron muy considerables. Estamos hablando que, seg\u00fan las mediciones, en Arauco se midieron al menos 180 mil\u00edmetros de agua ca\u00edda en muy corto periodo de tiempo\u201d.<\/p>\n<p>Ramos resalt\u00f3 que al mismo tiempo se identificaron rachas de viento que llegaron a la regi\u00f3n del Biob\u00edo que llegaron hasta 180 kil\u00f3metros por hora, &#8220;lo cual es mucho&#8221;.<\/p>\n","protected":false},"excerpt":{"rendered":"<p>El subsecretario del Interior, V\u00edctor Ramos, inform\u00f3 en un punto de prensa del Servicio Nacional de Prevenci\u00f3n y Respuestas ante Desastres (Senapred) que \u201chasta el momento, reportamos 107 daminificados, seis en la zona sur del Maule, 12 en \u00d1uble, 75 en Biob\u00edo y 14 en La Araucan\u00eda\u201d producto del sistema frontal que afecta la zona [&hellip;]<\/p>\n","protected":false},"author":2,"featured_media":16559,"comment_status":"closed","ping_status":"open","sticky":false,"template":"","format":"standard","meta":{"_jetpack_memberships_contains_paid_content":false,"jnews-multi-image_gallery":[],"jnews_single_post":[],"jnews_primary_category":[],"jnews_social_meta":[],"jnews_paywall_metabox":[],"jnews_review":[],"enable_review":"","type":"","name":"","summary":"","brand":"","sku":"","good":[],"bad":[],"score_override":"","override_value":"","rating":[],"price":[],"jnews_override_counter":[],"jnews_post_split":[],"footnotes":""},"categories":[21],"tags":[],"class_list":["post-16560","post","type-post","status-publish","format-standard","has-post-thumbnail","hentry","category-nacional"],"jetpack_featured_media_url":"https:\/\/laserenaradio.cl\/web\/wp-content\/uploads\/2025\/06\/homepiaiextractoscrapimg_predeterminadalaserenaradio_ultimo_minuto-2.webp","jetpack_sharing_enabled":true,"_links":{"self":[{"href":"https:\/\/laserenaradio.cl\/web\/wp-json\/wp\/v2\/posts\/16560","targetHints":{"allow":["GET"]}}],"collection":[{"href":"https:\/\/laserenaradio.cl\/web\/wp-json\/wp\/v2\/posts"}],"about":[{"href":"https:\/\/laserenaradio.cl\/web\/wp-json\/wp\/v2\/types\/post"}],"author":[{"embeddable":true,"href":"https:\/\/laserenaradio.cl\/web\/wp-json\/wp\/v2\/users\/2"}],"replies":[{"embeddable":true,"href":"https:\/\/laserenaradio.cl\/web\/wp-json\/wp\/v2\/comments?post=16560"}],"version-history":[{"count":1,"href":"https:\/\/laserenaradio.cl\/web\/wp-json\/wp\/v2\/posts\/16560\/revisions"}],"predecessor-version":[{"id":16561,"href":"https:\/\/laserenaradio.cl\/web\/wp-json\/wp\/v2\/posts\/16560\/revisions\/16561"}],"wp:featuredmedia":[{"embeddable":true,"href":"https:\/\/laserenaradio.cl\/web\/wp-json\/wp\/v2\/media\/16559"}],"wp:attachment":[{"href":"https:\/\/laserenaradio.cl\/web\/wp-json\/wp\/v2\/media?parent=16560"}],"wp:term":[{"taxonomy":"category","embeddable":true,"href":"https:\/\/laserenaradio.cl\/web\/wp-json\/wp\/v2\/categories?post=16560"},{"taxonomy":"post_tag","embeddable":true,"href":"https:\/\/laserenaradio.cl\/web\/wp-json\/wp\/v2\/tags?post=16560"}],"curies":[{"name":"wp","href":"https:\/\/api.w.org\/{rel}","templated":true}]}}