{"id":16554,"date":"2025-06-14T15:13:52","date_gmt":"2025-06-14T18:13:52","guid":{"rendered":"https:\/\/laserenaradio.cl\/web\/?p=16554"},"modified":"2025-06-14T15:13:52","modified_gmt":"2025-06-14T18:13:52","slug":"servel-publica-nomina-definitiva-de-vocales-de-mesa-para-elecciones-primarias","status":"publish","type":"post","link":"https:\/\/laserenaradio.cl\/web\/2025\/06\/14\/servel-publica-nomina-definitiva-de-vocales-de-mesa-para-elecciones-primarias\/","title":{"rendered":"Servel publica n\u00f3mina definitiva de vocales de mesa para Elecciones Primarias."},"content":{"rendered":"<p>Este s\u00e1bado 14 de junio, el Servicio Electoral (Servel) public\u00f3 la n\u00f3mina definitiva de vocales de mesa para las Elecciones Primarias. La participaci\u00f3n en esta funci\u00f3n es voluntaria, ya que su prop\u00f3sito es elegir al candidato presidencial del oficialismo; sin embargo, asumir este rol es obligatorio. Las personas que no cumplan con esta labor podr\u00edan enfrentar multas que van desde 2 a 8 UTM (entre $137 mil y $550 mil). Durante el pasado lunes 9 al mi\u00e9rcoles 11 de junio, se mantuvo un periodo para presentar excusas ante la Junta Electoral, con el fin de desligarse de esta responsabilidad.<\/p>\n<p>Este 14 de junio se liber\u00f3 la n\u00f3mina definitiva, incluyendo nuevas personas que cubrir\u00e1n a quienes presentaron excusas. Para verificar si fuiste llamado vocal de mesa, debes ingresar al sitio web del Servel y utilizar tu RUT (o RUN), verificando que eres un humano mediante el captcha.<\/p>\n<p>Con la n\u00f3mina definitiva de vocales de mesa no habr\u00e1 otro periodo para presentar excusas; por lo tanto, estar\u00e1s obligado\/a a asumir esta funci\u00f3n. Adem\u00e1s, este papel est\u00e1 asociado a un bono equivalente a dos tercios de una Unidad de Fomento (alrededor de $26.150 como de hoy).<\/p>\n","protected":false},"excerpt":{"rendered":"<p>Este s\u00e1bado 14 de junio, el Servicio Electoral (Servel) public\u00f3 la n\u00f3mina definitiva de vocales de mesa para las Elecciones Primarias. La participaci\u00f3n en esta funci\u00f3n es voluntaria, ya que su prop\u00f3sito es elegir al candidato presidencial del oficialismo; sin embargo, asumir este rol es obligatorio. Las personas que no cumplan con esta labor podr\u00edan [&hellip;]<\/p>\n","protected":false},"author":2,"featured_media":16553,"comment_status":"closed","ping_status":"open","sticky":false,"template":"","format":"standard","meta":{"_jetpack_memberships_contains_paid_content":false,"jnews-multi-image_gallery":[],"jnews_single_post":[],"jnews_primary_category":[],"jnews_social_meta":[],"jnews_paywall_metabox":[],"jnews_review":[],"enable_review":"","type":"","name":"","summary":"","brand":"","sku":"","good":[],"bad":[],"score_override":"","override_value":"","rating":[],"price":[],"jnews_override_counter":[],"jnews_post_split":[],"footnotes":""},"categories":[21],"tags":[],"class_list":["post-16554","post","type-post","status-publish","format-standard","has-post-thumbnail","hentry","category-nacional"],"jetpack_featured_media_url":"https:\/\/laserenaradio.cl\/web\/wp-content\/uploads\/2025\/06\/homepiaiextractoscrapimg_webpdefinitivamesajunioServel_0.webp","jetpack_sharing_enabled":true,"_links":{"self":[{"href":"https:\/\/laserenaradio.cl\/web\/wp-json\/wp\/v2\/posts\/16554","targetHints":{"allow":["GET"]}}],"collection":[{"href":"https:\/\/laserenaradio.cl\/web\/wp-json\/wp\/v2\/posts"}],"about":[{"href":"https:\/\/laserenaradio.cl\/web\/wp-json\/wp\/v2\/types\/post"}],"author":[{"embeddable":true,"href":"https:\/\/laserenaradio.cl\/web\/wp-json\/wp\/v2\/users\/2"}],"replies":[{"embeddable":true,"href":"https:\/\/laserenaradio.cl\/web\/wp-json\/wp\/v2\/comments?post=16554"}],"version-history":[{"count":1,"href":"https:\/\/laserenaradio.cl\/web\/wp-json\/wp\/v2\/posts\/16554\/revisions"}],"predecessor-version":[{"id":16555,"href":"https:\/\/laserenaradio.cl\/web\/wp-json\/wp\/v2\/posts\/16554\/revisions\/16555"}],"wp:featuredmedia":[{"embeddable":true,"href":"https:\/\/laserenaradio.cl\/web\/wp-json\/wp\/v2\/media\/16553"}],"wp:attachment":[{"href":"https:\/\/laserenaradio.cl\/web\/wp-json\/wp\/v2\/media?parent=16554"}],"wp:term":[{"taxonomy":"category","embeddable":true,"href":"https:\/\/laserenaradio.cl\/web\/wp-json\/wp\/v2\/categories?post=16554"},{"taxonomy":"post_tag","embeddable":true,"href":"https:\/\/laserenaradio.cl\/web\/wp-json\/wp\/v2\/tags?post=16554"}],"curies":[{"name":"wp","href":"https:\/\/api.w.org\/{rel}","templated":true}]}}