{"id":16551,"date":"2025-06-14T14:59:27","date_gmt":"2025-06-14T17:59:27","guid":{"rendered":"https:\/\/laserenaradio.cl\/web\/?p=16551"},"modified":"2025-06-14T14:59:27","modified_gmt":"2025-06-14T17:59:27","slug":"camas-pediatricas-superan-al-77-de-ocupacion-y-llaman-a-vacunarse-contra-la-influenza","status":"publish","type":"post","link":"https:\/\/laserenaradio.cl\/web\/2025\/06\/14\/camas-pediatricas-superan-al-77-de-ocupacion-y-llaman-a-vacunarse-contra-la-influenza\/","title":{"rendered":"Camas pedi\u00e1tricas superan al 77% de ocupaci\u00f3n y llaman a vacunarse contra la influenza."},"content":{"rendered":"<p>En una nueva actualizaci\u00f3n del <a href=\"http:\/\/www.minsal.cl\/\">Ministerio de Salud<\/a> (Minsal), destaca la presi\u00f3n sobre camas cr\u00edticas pedi\u00e1tricas a nivel nacional. Actualmente, 742 camas cr\u00edticas pedi\u00e1tricas est\u00e1n habilitadas, ocupando un 77,2%, una alza respecto a la semana anterior. La regi\u00f3n de Tarapac\u00e1 registra la mayor ocupaci\u00f3n con un 100%, seguida por \u00d1uble (90%) y O\u2019Higgins (83,8%). En tanto, en la Regi\u00f3n Metropolitana, hay 381 camas habilitadas, con una ocupaci\u00f3n del 83,7%.<\/p>\n<p>Valentina Pino, coordinadora de la campa\u00f1a de invierno del Minsal, precisa que las camas ocupadas alcanzan 573. El rinovirus sigue siendo el m\u00e1s detectado en menores de cuatro a\u00f1os, representando el 30% y disminuyendo respecto a la semana anterior (31,2%). Por otro lado, la Influenza A es el segundo virus m\u00e1s com\u00fan con un 29,2%, reduciendo su presencia desde el 36,1% de la semana pasada.<\/p>\n<p>Jorge Vilches, jefe del Departamento de Epidemiolog\u00eda del Minsal, reporta que las muestras para virus respiratorios en el <a href=\"http:\/\/www.ispch.cl\/\">Instituto de Salud P\u00fablica<\/a> suman un 40,6%, dos puntos porcentuales menos que la semana anterior. El informe indica que m\u00e1s de 7,3 millones de personas se han vacunado contra la influenza, lo que representa el 73,9% del p\u00fablico objetivo. Las coberturas m\u00e1s altas est\u00e1n en el personal de salud privado (100%), seguido por el p\u00fablico (97,9%) y los trabajadores de educaci\u00f3n (96,7%).<\/p>\n<p>El Minsal recomienda acudir a centros de vacunaci\u00f3n, especialmente para quienes a\u00fan no se han protegido. La campa\u00f1a busca reducir las hospitalizaciones graves durante las semanas m\u00e1s cr\u00edticas del invierno.<\/p>\n","protected":false},"excerpt":{"rendered":"<p>En una nueva actualizaci\u00f3n del Ministerio de Salud (Minsal), destaca la presi\u00f3n sobre camas cr\u00edticas pedi\u00e1tricas a nivel nacional. Actualmente, 742 camas cr\u00edticas pedi\u00e1tricas est\u00e1n habilitadas, ocupando un 77,2%, una alza respecto a la semana anterior. La regi\u00f3n de Tarapac\u00e1 registra la mayor ocupaci\u00f3n con un 100%, seguida por \u00d1uble (90%) y O\u2019Higgins (83,8%). En [&hellip;]<\/p>\n","protected":false},"author":2,"featured_media":16550,"comment_status":"closed","ping_status":"open","sticky":false,"template":"","format":"standard","meta":{"_jetpack_memberships_contains_paid_content":false,"jnews-multi-image_gallery":[],"jnews_single_post":[],"jnews_primary_category":[],"jnews_social_meta":[],"jnews_paywall_metabox":[],"jnews_review":[],"enable_review":"","type":"","name":"","summary":"","brand":"","sku":"","good":[],"bad":[],"score_override":"","override_value":"","rating":[],"price":[],"jnews_override_counter":[],"jnews_post_split":[],"footnotes":""},"categories":[21],"tags":[],"class_list":["post-16551","post","type-post","status-publish","format-standard","has-post-thumbnail","hentry","category-nacional"],"jetpack_featured_media_url":"https:\/\/laserenaradio.cl\/web\/wp-content\/uploads\/2025\/06\/homepiaiextractoscrapimg_webpsemanaMinsalanterior_0.webp","jetpack_sharing_enabled":true,"_links":{"self":[{"href":"https:\/\/laserenaradio.cl\/web\/wp-json\/wp\/v2\/posts\/16551","targetHints":{"allow":["GET"]}}],"collection":[{"href":"https:\/\/laserenaradio.cl\/web\/wp-json\/wp\/v2\/posts"}],"about":[{"href":"https:\/\/laserenaradio.cl\/web\/wp-json\/wp\/v2\/types\/post"}],"author":[{"embeddable":true,"href":"https:\/\/laserenaradio.cl\/web\/wp-json\/wp\/v2\/users\/2"}],"replies":[{"embeddable":true,"href":"https:\/\/laserenaradio.cl\/web\/wp-json\/wp\/v2\/comments?post=16551"}],"version-history":[{"count":1,"href":"https:\/\/laserenaradio.cl\/web\/wp-json\/wp\/v2\/posts\/16551\/revisions"}],"predecessor-version":[{"id":16552,"href":"https:\/\/laserenaradio.cl\/web\/wp-json\/wp\/v2\/posts\/16551\/revisions\/16552"}],"wp:featuredmedia":[{"embeddable":true,"href":"https:\/\/laserenaradio.cl\/web\/wp-json\/wp\/v2\/media\/16550"}],"wp:attachment":[{"href":"https:\/\/laserenaradio.cl\/web\/wp-json\/wp\/v2\/media?parent=16551"}],"wp:term":[{"taxonomy":"category","embeddable":true,"href":"https:\/\/laserenaradio.cl\/web\/wp-json\/wp\/v2\/categories?post=16551"},{"taxonomy":"post_tag","embeddable":true,"href":"https:\/\/laserenaradio.cl\/web\/wp-json\/wp\/v2\/tags?post=16551"}],"curies":[{"name":"wp","href":"https:\/\/api.w.org\/{rel}","templated":true}]}}