{"id":16548,"date":"2025-06-14T14:57:23","date_gmt":"2025-06-14T17:57:23","guid":{"rendered":"https:\/\/laserenaradio.cl\/web\/?p=16548"},"modified":"2025-06-14T14:57:23","modified_gmt":"2025-06-14T17:57:23","slug":"coquimbo-unido-vs-universidad-de-chile-este-domingo-juega-el-cuadro-pirata","status":"publish","type":"post","link":"https:\/\/laserenaradio.cl\/web\/2025\/06\/14\/coquimbo-unido-vs-universidad-de-chile-este-domingo-juega-el-cuadro-pirata\/","title":{"rendered":"Coquimbo Unido vs Universidad de Chile: Este domingo juega el cuadro pirata"},"content":{"rendered":"<p>Este domingo se disputa el partido entre Coquimbo Unido y Universidad de Chile, v\u00e1lido por la jornada 14 del Campeonato Nacional en el Estadio Municipal Francisco S\u00e1nchez Rumoroso. <\/p>\n<p>Coquimbo Unido es puntero con 26 puntos y buscar\u00e1 mantener el liderato ante una Universidad de Chile que busca escalar en la tabla. <\/p>\n<p>De hecho, Coquimbo es l\u00edder gracias a la diferencia de gol que mantiene con Audax Italiano, por lo que sumar de a tres les vendr\u00eda como anillo al dedo para escaparse del rival directo.<\/p>\n<p>Por otro lado, el conjunto \u2018rom\u00e1ntico viajero\u2019 viene de quedar eliminado de la Copa Chile a manos de Curic\u00f3 Unido. Cuartos, con 22 puntos y dos partidos pendientes, la U buscar\u00e1 con todo pelear los primeros puestos del torneo.<\/p>\n<p>El partido est\u00e1 programado para este domingo 14 de junio, desde las 15:00 horas, en el Estadio Municipal Francisco S\u00e1nchez Rumoroso, en Coquimbo. <\/p>\n<p>Adem\u00e1s, el encuentro ser\u00e1 televisado por la se\u00f1al de TNT Sports Premium y tambi\u00e9n podr\u00e1s verlo online a trav\u00e9s de la plataforma de streaming Max.<\/p>\n","protected":false},"excerpt":{"rendered":"<p>Este domingo se disputa el partido entre Coquimbo Unido y Universidad de Chile, v\u00e1lido por la jornada 14 del Campeonato Nacional en el Estadio Municipal Francisco S\u00e1nchez Rumoroso. Coquimbo Unido es puntero con 26 puntos y buscar\u00e1 mantener el liderato ante una Universidad de Chile que busca escalar en la tabla. De hecho, Coquimbo es [&hellip;]<\/p>\n","protected":false},"author":2,"featured_media":16547,"comment_status":"closed","ping_status":"open","sticky":false,"template":"","format":"standard","meta":{"_jetpack_memberships_contains_paid_content":false,"jnews-multi-image_gallery":[],"jnews_single_post":[],"jnews_primary_category":[],"jnews_social_meta":[],"jnews_paywall_metabox":[],"jnews_review":[],"enable_review":"","type":"","name":"","summary":"","brand":"","sku":"","good":[],"bad":[],"score_override":"","override_value":"","rating":[],"price":[],"jnews_override_counter":[],"jnews_post_split":[],"footnotes":""},"categories":[84],"tags":[],"class_list":["post-16548","post","type-post","status-publish","format-standard","has-post-thumbnail","hentry","category-deportes"],"jetpack_featured_media_url":"https:\/\/laserenaradio.cl\/web\/wp-content\/uploads\/2025\/06\/homepiaiextractoscrapimg_webpCoquimboUnidoUniversidadChiledomingo_1.webp","jetpack_sharing_enabled":true,"_links":{"self":[{"href":"https:\/\/laserenaradio.cl\/web\/wp-json\/wp\/v2\/posts\/16548","targetHints":{"allow":["GET"]}}],"collection":[{"href":"https:\/\/laserenaradio.cl\/web\/wp-json\/wp\/v2\/posts"}],"about":[{"href":"https:\/\/laserenaradio.cl\/web\/wp-json\/wp\/v2\/types\/post"}],"author":[{"embeddable":true,"href":"https:\/\/laserenaradio.cl\/web\/wp-json\/wp\/v2\/users\/2"}],"replies":[{"embeddable":true,"href":"https:\/\/laserenaradio.cl\/web\/wp-json\/wp\/v2\/comments?post=16548"}],"version-history":[{"count":1,"href":"https:\/\/laserenaradio.cl\/web\/wp-json\/wp\/v2\/posts\/16548\/revisions"}],"predecessor-version":[{"id":16549,"href":"https:\/\/laserenaradio.cl\/web\/wp-json\/wp\/v2\/posts\/16548\/revisions\/16549"}],"wp:featuredmedia":[{"embeddable":true,"href":"https:\/\/laserenaradio.cl\/web\/wp-json\/wp\/v2\/media\/16547"}],"wp:attachment":[{"href":"https:\/\/laserenaradio.cl\/web\/wp-json\/wp\/v2\/media?parent=16548"}],"wp:term":[{"taxonomy":"category","embeddable":true,"href":"https:\/\/laserenaradio.cl\/web\/wp-json\/wp\/v2\/categories?post=16548"},{"taxonomy":"post_tag","embeddable":true,"href":"https:\/\/laserenaradio.cl\/web\/wp-json\/wp\/v2\/tags?post=16548"}],"curies":[{"name":"wp","href":"https:\/\/api.w.org\/{rel}","templated":true}]}}