{"id":16545,"date":"2025-06-14T14:55:19","date_gmt":"2025-06-14T17:55:19","guid":{"rendered":"https:\/\/laserenaradio.cl\/web\/?p=16545"},"modified":"2025-06-14T14:55:19","modified_gmt":"2025-06-14T17:55:19","slug":"manuel-monsalve-ingresa-a-clinica-ciudad-del-mar-por-cuadro-abdominal","status":"publish","type":"post","link":"https:\/\/laserenaradio.cl\/web\/2025\/06\/14\/manuel-monsalve-ingresa-a-clinica-ciudad-del-mar-por-cuadro-abdominal\/","title":{"rendered":"Manuel Monsalve ingresa a Cl\u00ednica Ciudad del Mar por cuadro abdominal"},"content":{"rendered":"<p>La Cl\u00ednica Ciudad del Mar inform\u00f3 que el exsubsecretario del Interior, Manuel Monsalve, se encuentra estable tras ingresar de madrugada al recinto de salud. A trav\u00e9s de un escueto comunicado reportaron que el paciente ingres\u00f3 al Servicio de Urgencia por un cuadro abdominal. A\u00f1adieron que su estado de salud \u201cest\u00e1 siendo evaluado por especialistas de la instituci\u00f3n. Actualmente, se encuentra estable\u201d.<\/p>\n<p>De acuerdo con fuentes de Radio B\u00edo B\u00edo, Monsalve ser\u00eda intervenido quir\u00fargicamente durante esta tarde por problemas a la ves\u00edcula.<\/p>\n","protected":false},"excerpt":{"rendered":"<p>La Cl\u00ednica Ciudad del Mar inform\u00f3 que el exsubsecretario del Interior, Manuel Monsalve, se encuentra estable tras ingresar de madrugada al recinto de salud. A trav\u00e9s de un escueto comunicado reportaron que el paciente ingres\u00f3 al Servicio de Urgencia por un cuadro abdominal. A\u00f1adieron que su estado de salud \u201cest\u00e1 siendo evaluado por especialistas de [&hellip;]<\/p>\n","protected":false},"author":2,"featured_media":16544,"comment_status":"closed","ping_status":"open","sticky":false,"template":"","format":"standard","meta":{"_jetpack_memberships_contains_paid_content":false,"jnews-multi-image_gallery":[],"jnews_single_post":[],"jnews_primary_category":[],"jnews_social_meta":[],"jnews_paywall_metabox":[],"jnews_review":[],"enable_review":"","type":"","name":"","summary":"","brand":"","sku":"","good":[],"bad":[],"score_override":"","override_value":"","rating":[],"price":[],"jnews_override_counter":[],"jnews_post_split":[],"footnotes":""},"categories":[21],"tags":[],"class_list":["post-16545","post","type-post","status-publish","format-standard","has-post-thumbnail","hentry","category-nacional"],"jetpack_featured_media_url":"https:\/\/laserenaradio.cl\/web\/wp-content\/uploads\/2025\/06\/homepiaiextractoscrapimg_webpCiudadMarManuelMonsalveencuentra_0.webp","jetpack_sharing_enabled":true,"_links":{"self":[{"href":"https:\/\/laserenaradio.cl\/web\/wp-json\/wp\/v2\/posts\/16545","targetHints":{"allow":["GET"]}}],"collection":[{"href":"https:\/\/laserenaradio.cl\/web\/wp-json\/wp\/v2\/posts"}],"about":[{"href":"https:\/\/laserenaradio.cl\/web\/wp-json\/wp\/v2\/types\/post"}],"author":[{"embeddable":true,"href":"https:\/\/laserenaradio.cl\/web\/wp-json\/wp\/v2\/users\/2"}],"replies":[{"embeddable":true,"href":"https:\/\/laserenaradio.cl\/web\/wp-json\/wp\/v2\/comments?post=16545"}],"version-history":[{"count":1,"href":"https:\/\/laserenaradio.cl\/web\/wp-json\/wp\/v2\/posts\/16545\/revisions"}],"predecessor-version":[{"id":16546,"href":"https:\/\/laserenaradio.cl\/web\/wp-json\/wp\/v2\/posts\/16545\/revisions\/16546"}],"wp:featuredmedia":[{"embeddable":true,"href":"https:\/\/laserenaradio.cl\/web\/wp-json\/wp\/v2\/media\/16544"}],"wp:attachment":[{"href":"https:\/\/laserenaradio.cl\/web\/wp-json\/wp\/v2\/media?parent=16545"}],"wp:term":[{"taxonomy":"category","embeddable":true,"href":"https:\/\/laserenaradio.cl\/web\/wp-json\/wp\/v2\/categories?post=16545"},{"taxonomy":"post_tag","embeddable":true,"href":"https:\/\/laserenaradio.cl\/web\/wp-json\/wp\/v2\/tags?post=16545"}],"curies":[{"name":"wp","href":"https:\/\/api.w.org\/{rel}","templated":true}]}}