{"id":16542,"date":"2025-06-14T14:54:09","date_gmt":"2025-06-14T17:54:09","guid":{"rendered":"https:\/\/laserenaradio.cl\/web\/?p=16542"},"modified":"2025-06-14T14:54:09","modified_gmt":"2025-06-14T17:54:09","slug":"hallazgo-de-un-cuerpo-con-impactos-balisticos-en-osorno","status":"publish","type":"post","link":"https:\/\/laserenaradio.cl\/web\/2025\/06\/14\/hallazgo-de-un-cuerpo-con-impactos-balisticos-en-osorno\/","title":{"rendered":"Hallazgo de un cuerpo con impactos bal\u00edsticos en Osorno."},"content":{"rendered":"<p>La Polic\u00eda de Investigaciones (<a href=\"https:\/\/www.pdichile.cl\/\">PDI<\/a>) confirm\u00f3 el hallazgo de un hombre muerto por disparos en la cabeza y zona abdominal cerca de Misi\u00f3n San Juan, kil\u00f3metro 8 de la ruta, en Osorno, regi\u00f3n de Los Lagos. El cad\u00e1ver no ha sido identificado.<\/p>\n<p>Fiscal jefe Mar\u00eda Ang\u00e9lica de Miguel inform\u00f3 que el cuerpo presenta impactos bal\u00edsticos. Se dispuso la intervenci\u00f3n de la Brigada de Homicidios y del Laboratorio de Criminal\u00edstica de Puerto Montt para determinar su identidad.<\/p>\n<p>El subprefecto Javier Yusthy, jefe de la Brigada de Homicidios Osorno, indic\u00f3 que las lesiones son principalmente en la cabeza. Detectives contin\u00faan investigando la identificaci\u00f3n del fallecido, la din\u00e1mica de los hechos y buscan a los responsables.<\/p>\n<p>Trabajaron peritos para diligencias y traslado al <a href=\"http:\/\/www.sml.gob.cl\/\">Servicio M\u00e9dico Legal<\/a> (SML) para autopsia. Las autoridades trabajan en determinar detalles cruciales para el caso.<\/p>\n","protected":false},"excerpt":{"rendered":"<p>La Polic\u00eda de Investigaciones (PDI) confirm\u00f3 el hallazgo de un hombre muerto por disparos en la cabeza y zona abdominal cerca de Misi\u00f3n San Juan, kil\u00f3metro 8 de la ruta, en Osorno, regi\u00f3n de Los Lagos. El cad\u00e1ver no ha sido identificado. Fiscal jefe Mar\u00eda Ang\u00e9lica de Miguel inform\u00f3 que el cuerpo presenta impactos bal\u00edsticos. [&hellip;]<\/p>\n","protected":false},"author":2,"featured_media":16541,"comment_status":"closed","ping_status":"open","sticky":false,"template":"","format":"standard","meta":{"_jetpack_memberships_contains_paid_content":false,"jnews-multi-image_gallery":[],"jnews_single_post":[],"jnews_primary_category":[],"jnews_social_meta":[],"jnews_paywall_metabox":[],"jnews_review":[],"enable_review":"","type":"","name":"","summary":"","brand":"","sku":"","good":[],"bad":[],"score_override":"","override_value":"","rating":[],"price":[],"jnews_override_counter":[],"jnews_post_split":[],"footnotes":""},"categories":[21],"tags":[],"class_list":["post-16542","post","type-post","status-publish","format-standard","has-post-thumbnail","hentry","category-nacional"],"jetpack_featured_media_url":"https:\/\/laserenaradio.cl\/web\/wp-content\/uploads\/2025\/06\/homepiaiextractoscrapimg_predeterminadalaserenaradio_nacional-17.webp","jetpack_sharing_enabled":true,"_links":{"self":[{"href":"https:\/\/laserenaradio.cl\/web\/wp-json\/wp\/v2\/posts\/16542","targetHints":{"allow":["GET"]}}],"collection":[{"href":"https:\/\/laserenaradio.cl\/web\/wp-json\/wp\/v2\/posts"}],"about":[{"href":"https:\/\/laserenaradio.cl\/web\/wp-json\/wp\/v2\/types\/post"}],"author":[{"embeddable":true,"href":"https:\/\/laserenaradio.cl\/web\/wp-json\/wp\/v2\/users\/2"}],"replies":[{"embeddable":true,"href":"https:\/\/laserenaradio.cl\/web\/wp-json\/wp\/v2\/comments?post=16542"}],"version-history":[{"count":1,"href":"https:\/\/laserenaradio.cl\/web\/wp-json\/wp\/v2\/posts\/16542\/revisions"}],"predecessor-version":[{"id":16543,"href":"https:\/\/laserenaradio.cl\/web\/wp-json\/wp\/v2\/posts\/16542\/revisions\/16543"}],"wp:featuredmedia":[{"embeddable":true,"href":"https:\/\/laserenaradio.cl\/web\/wp-json\/wp\/v2\/media\/16541"}],"wp:attachment":[{"href":"https:\/\/laserenaradio.cl\/web\/wp-json\/wp\/v2\/media?parent=16542"}],"wp:term":[{"taxonomy":"category","embeddable":true,"href":"https:\/\/laserenaradio.cl\/web\/wp-json\/wp\/v2\/categories?post=16542"},{"taxonomy":"post_tag","embeddable":true,"href":"https:\/\/laserenaradio.cl\/web\/wp-json\/wp\/v2\/tags?post=16542"}],"curies":[{"name":"wp","href":"https:\/\/api.w.org\/{rel}","templated":true}]}}