{"id":16527,"date":"2025-06-13T16:23:07","date_gmt":"2025-06-13T19:23:07","guid":{"rendered":"https:\/\/laserenaradio.cl\/web\/?p=16527"},"modified":"2025-06-13T16:23:07","modified_gmt":"2025-06-13T19:23:07","slug":"el-sueldo-de-los-chilenos-dura-dos-semanas-o-menos","status":"publish","type":"post","link":"https:\/\/laserenaradio.cl\/web\/2025\/06\/13\/el-sueldo-de-los-chilenos-dura-dos-semanas-o-menos\/","title":{"rendered":"El sueldo de los chilenos dura dos semanas o menos"},"content":{"rendered":"<p>En Chile, el sueldo alcanza para dos semanas o menos. <\/p>\n<p>El 77% de los chilenos afirma que su sueldo le dura dos semanas o menos, seg\u00fan el estudio \u00bfQu\u00e9 pasa con el salario? realizado por Laborum, la aplicaci\u00f3n para encontrar trabajo. <\/p>\n<p>En el desagregado, precis\u00f3 el comunicado de la app, el 21% de los consultados se\u00f1al\u00f3 que tan pronto como cobran, destinan la totalidad de la remuneraci\u00f3n al pago de deudas; un 23% que le dura menos de una semana y otro 25% que su renta le alcanza para dos.<\/p>\n","protected":false},"excerpt":{"rendered":"<p>En Chile, el sueldo alcanza para dos semanas o menos. El 77% de los chilenos afirma que su sueldo le dura dos semanas o menos, seg\u00fan el estudio \u00bfQu\u00e9 pasa con el salario? realizado por Laborum, la aplicaci\u00f3n para encontrar trabajo. En el desagregado, precis\u00f3 el comunicado de la app, el 21% de los consultados [&hellip;]<\/p>\n","protected":false},"author":2,"featured_media":16526,"comment_status":"closed","ping_status":"open","sticky":false,"template":"","format":"standard","meta":{"_jetpack_memberships_contains_paid_content":false,"jnews-multi-image_gallery":[],"jnews_single_post":[],"jnews_primary_category":[],"jnews_social_meta":[],"jnews_paywall_metabox":[],"jnews_review":[],"enable_review":"","type":"","name":"","summary":"","brand":"","sku":"","good":[],"bad":[],"score_override":"","override_value":"","rating":[],"price":[],"jnews_override_counter":[],"jnews_post_split":[],"footnotes":""},"categories":[85],"tags":[],"class_list":["post-16527","post","type-post","status-publish","format-standard","has-post-thumbnail","hentry","category-economia"],"jetpack_featured_media_url":"https:\/\/laserenaradio.cl\/web\/wp-content\/uploads\/2025\/06\/homepiaiextractoscrapimg_webpmenossueldo_1.webp","jetpack_sharing_enabled":true,"_links":{"self":[{"href":"https:\/\/laserenaradio.cl\/web\/wp-json\/wp\/v2\/posts\/16527","targetHints":{"allow":["GET"]}}],"collection":[{"href":"https:\/\/laserenaradio.cl\/web\/wp-json\/wp\/v2\/posts"}],"about":[{"href":"https:\/\/laserenaradio.cl\/web\/wp-json\/wp\/v2\/types\/post"}],"author":[{"embeddable":true,"href":"https:\/\/laserenaradio.cl\/web\/wp-json\/wp\/v2\/users\/2"}],"replies":[{"embeddable":true,"href":"https:\/\/laserenaradio.cl\/web\/wp-json\/wp\/v2\/comments?post=16527"}],"version-history":[{"count":1,"href":"https:\/\/laserenaradio.cl\/web\/wp-json\/wp\/v2\/posts\/16527\/revisions"}],"predecessor-version":[{"id":16528,"href":"https:\/\/laserenaradio.cl\/web\/wp-json\/wp\/v2\/posts\/16527\/revisions\/16528"}],"wp:featuredmedia":[{"embeddable":true,"href":"https:\/\/laserenaradio.cl\/web\/wp-json\/wp\/v2\/media\/16526"}],"wp:attachment":[{"href":"https:\/\/laserenaradio.cl\/web\/wp-json\/wp\/v2\/media?parent=16527"}],"wp:term":[{"taxonomy":"category","embeddable":true,"href":"https:\/\/laserenaradio.cl\/web\/wp-json\/wp\/v2\/categories?post=16527"},{"taxonomy":"post_tag","embeddable":true,"href":"https:\/\/laserenaradio.cl\/web\/wp-json\/wp\/v2\/tags?post=16527"}],"curies":[{"name":"wp","href":"https:\/\/api.w.org\/{rel}","templated":true}]}}