{"id":16524,"date":"2025-06-13T16:20:46","date_gmt":"2025-06-13T19:20:46","guid":{"rendered":"https:\/\/laserenaradio.cl\/web\/?p=16524"},"modified":"2025-06-13T16:20:46","modified_gmt":"2025-06-13T19:20:46","slug":"atentado-contra-un-bus-y-agresiones-en-santiago","status":"publish","type":"post","link":"https:\/\/laserenaradio.cl\/web\/2025\/06\/13\/atentado-contra-un-bus-y-agresiones-en-santiago\/","title":{"rendered":"Atentado contra un bus y agresiones en Santiago."},"content":{"rendered":"<p>El alcalde de Santiago, Mario Desbordes (RN), lleg\u00f3 al Internado Nacional Barros Arana para confirmar una querella y anunciar medidas en los establecimientos educacionales de la comuna. No hay claridad sobre si los responsables eran estudiantes o no, declar\u00f3 el autoridad comunal.<\/p>\n<p>Desbordes anunci\u00f3 que presentar\u00e1 una querella penal contra quienes cometieron estos hechos, destacando que el rector (s) Gonzalo Saavedra fue agredido con una molotov apagada. El jefe comunal mencion\u00f3 acciones recientes en el Instituto Nacional, donde se detectaron 600 bombas molotov.<\/p>\n<p>Se implementar\u00e1n medidas de seguridad y se reforzar\u00e1n la cantidad de inspectores de patio, adem\u00e1s de instalar c\u00e1maras de televigilancia. Tambi\u00e9n se buscar\u00e1 un mecanismo de control biom\u00e9trico para el acceso del Instituto Nacional e INBA, seg\u00fan Desbordes.<\/p>\n<p>El alcalde apunt\u00f3 a adultos detr\u00e1s de los hechos de violencia, se\u00f1alando que no ser\u00eda posible que un menor de edad tuviera los medios necesarios. Gracias a Dios, el rector interino Saavedra no se encuentra herido y sigue adelante, asegur\u00f3.<\/p>\n<p>El rector interino confirm\u00f3 el ataque con molotov apagada, piedras y bencina, destacando que la integridad de los funcionarios y estudiantes estuvo en riesgo. Autoriz\u00f3 el ingreso de <a href=\"https:\/\/www.carabineros.cl\/\">Carabineros<\/a> al establecimiento para proteger a los estudiantes.<\/p>\n<p>Saavedra lament\u00f3 el hecho ocurrido en las inmediaciones del INBA e inst\u00f3 a un trabajo fuerte con apoderados y familias, considerando que es fundamental para la sociedad.<\/p>\n","protected":false},"excerpt":{"rendered":"<p>El alcalde de Santiago, Mario Desbordes (RN), lleg\u00f3 al Internado Nacional Barros Arana para confirmar una querella y anunciar medidas en los establecimientos educacionales de la comuna. No hay claridad sobre si los responsables eran estudiantes o no, declar\u00f3 el autoridad comunal. Desbordes anunci\u00f3 que presentar\u00e1 una querella penal contra quienes cometieron estos hechos, destacando [&hellip;]<\/p>\n","protected":false},"author":2,"featured_media":16523,"comment_status":"closed","ping_status":"open","sticky":false,"template":"","format":"standard","meta":{"_jetpack_memberships_contains_paid_content":false,"jnews-multi-image_gallery":[],"jnews_single_post":[],"jnews_primary_category":[],"jnews_social_meta":[],"jnews_paywall_metabox":[],"jnews_review":[],"enable_review":"","type":"","name":"","summary":"","brand":"","sku":"","good":[],"bad":[],"score_override":"","override_value":"","rating":[],"price":[],"jnews_override_counter":[],"jnews_post_split":[],"footnotes":""},"categories":[21],"tags":[],"class_list":["post-16524","post","type-post","status-publish","format-standard","has-post-thumbnail","hentry","category-nacional"],"jetpack_featured_media_url":"https:\/\/laserenaradio.cl\/web\/wp-content\/uploads\/2025\/06\/homepiaiextractoscrapimg_webpAtentadoSantiago_1.webp","jetpack_sharing_enabled":true,"_links":{"self":[{"href":"https:\/\/laserenaradio.cl\/web\/wp-json\/wp\/v2\/posts\/16524","targetHints":{"allow":["GET"]}}],"collection":[{"href":"https:\/\/laserenaradio.cl\/web\/wp-json\/wp\/v2\/posts"}],"about":[{"href":"https:\/\/laserenaradio.cl\/web\/wp-json\/wp\/v2\/types\/post"}],"author":[{"embeddable":true,"href":"https:\/\/laserenaradio.cl\/web\/wp-json\/wp\/v2\/users\/2"}],"replies":[{"embeddable":true,"href":"https:\/\/laserenaradio.cl\/web\/wp-json\/wp\/v2\/comments?post=16524"}],"version-history":[{"count":1,"href":"https:\/\/laserenaradio.cl\/web\/wp-json\/wp\/v2\/posts\/16524\/revisions"}],"predecessor-version":[{"id":16525,"href":"https:\/\/laserenaradio.cl\/web\/wp-json\/wp\/v2\/posts\/16524\/revisions\/16525"}],"wp:featuredmedia":[{"embeddable":true,"href":"https:\/\/laserenaradio.cl\/web\/wp-json\/wp\/v2\/media\/16523"}],"wp:attachment":[{"href":"https:\/\/laserenaradio.cl\/web\/wp-json\/wp\/v2\/media?parent=16524"}],"wp:term":[{"taxonomy":"category","embeddable":true,"href":"https:\/\/laserenaradio.cl\/web\/wp-json\/wp\/v2\/categories?post=16524"},{"taxonomy":"post_tag","embeddable":true,"href":"https:\/\/laserenaradio.cl\/web\/wp-json\/wp\/v2\/tags?post=16524"}],"curies":[{"name":"wp","href":"https:\/\/api.w.org\/{rel}","templated":true}]}}