{"id":16521,"date":"2025-06-13T16:15:59","date_gmt":"2025-06-13T19:15:59","guid":{"rendered":"https:\/\/laserenaradio.cl\/web\/?p=16521"},"modified":"2025-06-13T16:15:59","modified_gmt":"2025-06-13T19:15:59","slug":"detenimiento-de-hombre-acusado-de-violacion-a-trabajadoras-sexuales","status":"publish","type":"post","link":"https:\/\/laserenaradio.cl\/web\/2025\/06\/13\/detenimiento-de-hombre-acusado-de-violacion-a-trabajadoras-sexuales\/","title":{"rendered":"Detenimiento de hombre acusado de violaci\u00f3n a trabajadoras sexuales."},"content":{"rendered":"<p>La Polic\u00eda de Investigaciones (<a href=\"https:\/\/www.pdichile.cl\/\">PDI<\/a>) detuvo a un hombre acusado de violar a trabajadoras sexuales en una casa de citas administrada por \u00e9l en Temuco, La Araucan\u00eda. Esta indagatoria, llevada a cabo por la Brigada Investigadora de Delitos Sexuales, surgi\u00f3 tras dos denuncias interpuestas contra el sospechoso.<\/p>\n<p>Por lo mencionado, el acusado fue formalizado ante el Juzgado de Garant\u00eda de Temuco. El fiscal Juan Pablo Gerli detall\u00f3 que se imputan reiteradas violaciones que se habr\u00edan cometido durante aproximadamente dos a\u00f1os.<\/p>\n<p>Al momento de su arresto, el hombre exhibi\u00f3 un elemento similar a un arma de fuego y apunt\u00f3 a los funcionarios policiales. Sin embargo, lograron reducirlo y detenerlo, inform\u00f3 el fiscal.<\/p>\n<p>Se conoci\u00f3 tambi\u00e9n que el acusado manten\u00eda a las trabajadoras bajo amenaza en el local. No se descarta que la cifra de v\u00edctimas (actuales seis) aumente. Tras la formalizaci\u00f3n de cargos, el detenido qued\u00f3 bajo prisi\u00f3n preventiva.<\/p>\n","protected":false},"excerpt":{"rendered":"<p>La Polic\u00eda de Investigaciones (PDI) detuvo a un hombre acusado de violar a trabajadoras sexuales en una casa de citas administrada por \u00e9l en Temuco, La Araucan\u00eda. Esta indagatoria, llevada a cabo por la Brigada Investigadora de Delitos Sexuales, surgi\u00f3 tras dos denuncias interpuestas contra el sospechoso. Por lo mencionado, el acusado fue formalizado ante [&hellip;]<\/p>\n","protected":false},"author":2,"featured_media":16520,"comment_status":"closed","ping_status":"open","sticky":false,"template":"","format":"standard","meta":{"_jetpack_memberships_contains_paid_content":false,"jnews-multi-image_gallery":[],"jnews_single_post":[],"jnews_primary_category":[],"jnews_social_meta":[],"jnews_paywall_metabox":[],"jnews_review":[],"enable_review":"","type":"","name":"","summary":"","brand":"","sku":"","good":[],"bad":[],"score_override":"","override_value":"","rating":[],"price":[],"jnews_override_counter":[],"jnews_post_split":[],"footnotes":""},"categories":[21],"tags":[],"class_list":["post-16521","post","type-post","status-publish","format-standard","has-post-thumbnail","hentry","category-nacional"],"jetpack_featured_media_url":"https:\/\/laserenaradio.cl\/web\/wp-content\/uploads\/2025\/06\/homepiaiextractoscrapimg_webpDetenimientoacusado_0.webp","jetpack_sharing_enabled":true,"_links":{"self":[{"href":"https:\/\/laserenaradio.cl\/web\/wp-json\/wp\/v2\/posts\/16521","targetHints":{"allow":["GET"]}}],"collection":[{"href":"https:\/\/laserenaradio.cl\/web\/wp-json\/wp\/v2\/posts"}],"about":[{"href":"https:\/\/laserenaradio.cl\/web\/wp-json\/wp\/v2\/types\/post"}],"author":[{"embeddable":true,"href":"https:\/\/laserenaradio.cl\/web\/wp-json\/wp\/v2\/users\/2"}],"replies":[{"embeddable":true,"href":"https:\/\/laserenaradio.cl\/web\/wp-json\/wp\/v2\/comments?post=16521"}],"version-history":[{"count":1,"href":"https:\/\/laserenaradio.cl\/web\/wp-json\/wp\/v2\/posts\/16521\/revisions"}],"predecessor-version":[{"id":16522,"href":"https:\/\/laserenaradio.cl\/web\/wp-json\/wp\/v2\/posts\/16521\/revisions\/16522"}],"wp:featuredmedia":[{"embeddable":true,"href":"https:\/\/laserenaradio.cl\/web\/wp-json\/wp\/v2\/media\/16520"}],"wp:attachment":[{"href":"https:\/\/laserenaradio.cl\/web\/wp-json\/wp\/v2\/media?parent=16521"}],"wp:term":[{"taxonomy":"category","embeddable":true,"href":"https:\/\/laserenaradio.cl\/web\/wp-json\/wp\/v2\/categories?post=16521"},{"taxonomy":"post_tag","embeddable":true,"href":"https:\/\/laserenaradio.cl\/web\/wp-json\/wp\/v2\/tags?post=16521"}],"curies":[{"name":"wp","href":"https:\/\/api.w.org\/{rel}","templated":true}]}}