{"id":16515,"date":"2025-06-13T16:06:44","date_gmt":"2025-06-13T19:06:44","guid":{"rendered":"https:\/\/laserenaradio.cl\/web\/?p=16515"},"modified":"2025-06-13T16:06:44","modified_gmt":"2025-06-13T19:06:44","slug":"cmf-denuncia-supuesto-caso-de-estafa-contra-presidente-de-institucion-financiera","status":"publish","type":"post","link":"https:\/\/laserenaradio.cl\/web\/2025\/06\/13\/cmf-denuncia-supuesto-caso-de-estafa-contra-presidente-de-institucion-financiera\/","title":{"rendered":"CMF denuncia supuesto caso de estafa contra presidente de instituci\u00f3n financiera."},"content":{"rendered":"<p>La Comisi\u00f3n para el Mercado Financiero (<a href=\"https:\/\/www.cmfchile.cl\/\">CMF<\/a>) present\u00f3 una denuncia ante el Ministerio P\u00fablico por estafa y usurpaci\u00f3n de nombre. Se acusa a individuos que utilizaron la imagen e identidad de la presidenta Solange Berstein.<\/p>\n<p>Estos malintencionados operaban mediante redes sociales como Instagram y WhatsApp, promocionando acciones nacionales. La <a href=\"https:\/\/www.cmfchile.cl\/\">CMF<\/a> destaca c\u00f3mo el uso indebido de la fotograf\u00eda de Berstein en publicaciones enga\u00f1aba a posibles inversores.<\/p>\n<p>La entidad alerta sobre la utilizaci\u00f3n fraudulenta del nombre &#8220;Harnett Logan Megan&#8221; para inducir errores en las personas, sugiriendo que comprar acciones a trav\u00e9s de esta supuesta empresa ser\u00eda seguro. Sin embargo, la <a href=\"https:\/\/www.cmfchile.cl\/\">CMF<\/a> asegura que el nombre no est\u00e1 relacionado con ellos y que Berstein nunca ha promovido tal inversi\u00f3n.<\/p>\n<p>Esta acci\u00f3n se fundamenta en la protecci\u00f3n de los inversionistas y la prevenci\u00f3n del enga\u00f1o financiero, evidenciando claramente las intenciones il\u00edcitas de quienes han utilizado la identidad de la presidenta para beneficio propio.<\/p>\n","protected":false},"excerpt":{"rendered":"<p>La Comisi\u00f3n para el Mercado Financiero (CMF) present\u00f3 una denuncia ante el Ministerio P\u00fablico por estafa y usurpaci\u00f3n de nombre. Se acusa a individuos que utilizaron la imagen e identidad de la presidenta Solange Berstein. Estos malintencionados operaban mediante redes sociales como Instagram y WhatsApp, promocionando acciones nacionales. La CMF destaca c\u00f3mo el uso indebido [&hellip;]<\/p>\n","protected":false},"author":2,"featured_media":16514,"comment_status":"closed","ping_status":"open","sticky":false,"template":"","format":"standard","meta":{"_jetpack_memberships_contains_paid_content":false,"jnews-multi-image_gallery":[],"jnews_single_post":[],"jnews_primary_category":[],"jnews_social_meta":[],"jnews_paywall_metabox":[],"jnews_review":[],"enable_review":"","type":"","name":"","summary":"","brand":"","sku":"","good":[],"bad":[],"score_override":"","override_value":"","rating":[],"price":[],"jnews_override_counter":[],"jnews_post_split":[],"footnotes":""},"categories":[85],"tags":[],"class_list":["post-16515","post","type-post","status-publish","format-standard","has-post-thumbnail","hentry","category-economia"],"jetpack_featured_media_url":"https:\/\/laserenaradio.cl\/web\/wp-content\/uploads\/2025\/06\/homepiaiextractoscrapimg_predeterminadalaserenaradio_nacional-16.webp","jetpack_sharing_enabled":true,"_links":{"self":[{"href":"https:\/\/laserenaradio.cl\/web\/wp-json\/wp\/v2\/posts\/16515","targetHints":{"allow":["GET"]}}],"collection":[{"href":"https:\/\/laserenaradio.cl\/web\/wp-json\/wp\/v2\/posts"}],"about":[{"href":"https:\/\/laserenaradio.cl\/web\/wp-json\/wp\/v2\/types\/post"}],"author":[{"embeddable":true,"href":"https:\/\/laserenaradio.cl\/web\/wp-json\/wp\/v2\/users\/2"}],"replies":[{"embeddable":true,"href":"https:\/\/laserenaradio.cl\/web\/wp-json\/wp\/v2\/comments?post=16515"}],"version-history":[{"count":1,"href":"https:\/\/laserenaradio.cl\/web\/wp-json\/wp\/v2\/posts\/16515\/revisions"}],"predecessor-version":[{"id":16516,"href":"https:\/\/laserenaradio.cl\/web\/wp-json\/wp\/v2\/posts\/16515\/revisions\/16516"}],"wp:featuredmedia":[{"embeddable":true,"href":"https:\/\/laserenaradio.cl\/web\/wp-json\/wp\/v2\/media\/16514"}],"wp:attachment":[{"href":"https:\/\/laserenaradio.cl\/web\/wp-json\/wp\/v2\/media?parent=16515"}],"wp:term":[{"taxonomy":"category","embeddable":true,"href":"https:\/\/laserenaradio.cl\/web\/wp-json\/wp\/v2\/categories?post=16515"},{"taxonomy":"post_tag","embeddable":true,"href":"https:\/\/laserenaradio.cl\/web\/wp-json\/wp\/v2\/tags?post=16515"}],"curies":[{"name":"wp","href":"https:\/\/api.w.org\/{rel}","templated":true}]}}