{"id":16488,"date":"2025-06-12T23:36:35","date_gmt":"2025-06-13T02:36:35","guid":{"rendered":"https:\/\/laserenaradio.cl\/web\/?p=16488"},"modified":"2025-06-12T23:36:35","modified_gmt":"2025-06-13T02:36:35","slug":"herido-durante-asalto-a-tienda-paris-en-valparaiso","status":"publish","type":"post","link":"https:\/\/laserenaradio.cl\/web\/2025\/06\/12\/herido-durante-asalto-a-tienda-paris-en-valparaiso\/","title":{"rendered":"Herido durante asalto a tienda Par\u00eds en Valpara\u00edso"},"content":{"rendered":"<p><a href=\"https:\/\/www.carabineros.cl\/\">Carabineros<\/a> confirm\u00f3 la noche de este jueves que una persona result\u00f3 herida durante el asalto a la tienda Par\u00eds en el centro de Valpara\u00edso. Seg\u00fan asegur\u00f3 el coronel Leonardo C\u00e1rdenas, se trata de un cliente que se encontraba en la tienda a esa hora, quien fue retenido por los asaltantes en medio del tiroteo producido entre estos y <a href=\"https:\/\/www.carabineros.cl\/\">Carabineros<\/a>.<\/p>\n<p>En la huida habr\u00edan herido a un cliente con un arma blanca, quien estar\u00eda con lesiones menores, coment\u00f3 C\u00e1rdenas. El herido fue trasladado al SAPU de avenida Col\u00f3n.<\/p>\n<p>C\u00e1rdenas asegur\u00f3 que &#8220;cuando se hace uso de las armas hay seguridad que no van a haber terceras personas lesionadas&#8221;. El oficial no descart\u00f3 que hubiera m\u00e1s heridos entre los asaltantes.<\/p>\n<p>Hasta el momento hay tres detenidos, los que fueron capturados luego de haber huido por avenida Espa\u00f1a en direcci\u00f3n a Vi\u00f1a del Mar.<\/p>\n","protected":false},"excerpt":{"rendered":"<p>Carabineros confirm\u00f3 la noche de este jueves que una persona result\u00f3 herida durante el asalto a la tienda Par\u00eds en el centro de Valpara\u00edso. Seg\u00fan asegur\u00f3 el coronel Leonardo C\u00e1rdenas, se trata de un cliente que se encontraba en la tienda a esa hora, quien fue retenido por los asaltantes en medio del tiroteo producido [&hellip;]<\/p>\n","protected":false},"author":2,"featured_media":16487,"comment_status":"closed","ping_status":"open","sticky":false,"template":"","format":"standard","meta":{"_jetpack_memberships_contains_paid_content":false,"jnews-multi-image_gallery":[],"jnews_single_post":[],"jnews_primary_category":[],"jnews_social_meta":[],"jnews_paywall_metabox":[],"jnews_review":[],"enable_review":"","type":"","name":"","summary":"","brand":"","sku":"","good":[],"bad":[],"score_override":"","override_value":"","rating":[],"price":[],"jnews_override_counter":[],"jnews_post_split":[],"footnotes":""},"categories":[21],"tags":[],"class_list":["post-16488","post","type-post","status-publish","format-standard","has-post-thumbnail","hentry","category-nacional"],"jetpack_featured_media_url":"https:\/\/laserenaradio.cl\/web\/wp-content\/uploads\/2025\/06\/homepiaiextractoscrapimg_predeterminadalaserenaradio_nacional-15.webp","jetpack_sharing_enabled":true,"_links":{"self":[{"href":"https:\/\/laserenaradio.cl\/web\/wp-json\/wp\/v2\/posts\/16488","targetHints":{"allow":["GET"]}}],"collection":[{"href":"https:\/\/laserenaradio.cl\/web\/wp-json\/wp\/v2\/posts"}],"about":[{"href":"https:\/\/laserenaradio.cl\/web\/wp-json\/wp\/v2\/types\/post"}],"author":[{"embeddable":true,"href":"https:\/\/laserenaradio.cl\/web\/wp-json\/wp\/v2\/users\/2"}],"replies":[{"embeddable":true,"href":"https:\/\/laserenaradio.cl\/web\/wp-json\/wp\/v2\/comments?post=16488"}],"version-history":[{"count":1,"href":"https:\/\/laserenaradio.cl\/web\/wp-json\/wp\/v2\/posts\/16488\/revisions"}],"predecessor-version":[{"id":16489,"href":"https:\/\/laserenaradio.cl\/web\/wp-json\/wp\/v2\/posts\/16488\/revisions\/16489"}],"wp:featuredmedia":[{"embeddable":true,"href":"https:\/\/laserenaradio.cl\/web\/wp-json\/wp\/v2\/media\/16487"}],"wp:attachment":[{"href":"https:\/\/laserenaradio.cl\/web\/wp-json\/wp\/v2\/media?parent=16488"}],"wp:term":[{"taxonomy":"category","embeddable":true,"href":"https:\/\/laserenaradio.cl\/web\/wp-json\/wp\/v2\/categories?post=16488"},{"taxonomy":"post_tag","embeddable":true,"href":"https:\/\/laserenaradio.cl\/web\/wp-json\/wp\/v2\/tags?post=16488"}],"curies":[{"name":"wp","href":"https:\/\/api.w.org\/{rel}","templated":true}]}}