{"id":16482,"date":"2025-06-12T23:28:39","date_gmt":"2025-06-13T02:28:39","guid":{"rendered":"https:\/\/laserenaradio.cl\/web\/?p=16482"},"modified":"2025-06-12T23:28:39","modified_gmt":"2025-06-13T02:28:39","slug":"carabineros-y-civiles-imputados-por-red-de-corrupcion","status":"publish","type":"post","link":"https:\/\/laserenaradio.cl\/web\/2025\/06\/12\/carabineros-y-civiles-imputados-por-red-de-corrupcion\/","title":{"rendered":"Carabineros y civiles imputados por red de corrupci\u00f3n."},"content":{"rendered":"<p>La <a href=\"https:\/\/www.fiscaliadechile.cl\/\">Fiscal\u00eda<\/a> Sur formaliz\u00f3 a 15 imputados en una red de corrupci\u00f3n, entre ellos 9 ex <a href=\"https:\/\/www.carabineros.cl\/\">Carabineros<\/a> y 6 civiles. Tres ex uniformados, el l\u00edder criminal y un receptor judicial permanecen en prisi\u00f3n preventiva. Los dem\u00e1s enfrentan medidas cautelares menores, excepto la esposa del cabecilla, quien est\u00e1 bajo arresto domiciliario total. El tribunal dispuso cuatro meses para la investigaci\u00f3n.<\/p>\n<p>En las declaraciones, Eduardo Arrieta, fiscal, destac\u00f3 que los imputados se vieron involucrados en asociaci\u00f3n criminal, cohecho activo y pasivo agravado, falsificaci\u00f3n de instrumentos p\u00fablicos y usurpaci\u00f3n de cargos. Se\u00f1al\u00f3 que cinco quedaron detenidos: tres ex <a href=\"https:\/\/www.carabineros.cl\/\">Carabineros<\/a>, el l\u00edder civil de la red y un receptor judicial que falsific\u00f3 documentos.<\/p>\n<p>Respecto al modus operandi, Arrieta explic\u00f3 que el falso receptor judicial reclutaba a carabineros mediante pagos para acelerar embargos, omitiendo protocolos. Los veh\u00edculos terminaban en casas de remate con informes adulterados. Antecedentes revelados por BBCL Investiga mostraron que los ex <a href=\"https:\/\/www.carabineros.cl\/\">Carabineros<\/a> cobraban hasta $220 mil por veh\u00edculo en operaciones de &#8220;embargos expr\u00e9s&#8221;. Utilizaban su investidura y recursos p\u00fablicos para retirar autos que deb\u00edan ser recuperados por estudios jur\u00eddicos, alterando los procedimientos legales.<\/p>\n<p>Seg\u00fan la investigaci\u00f3n, los polic\u00edas participaban en montajes que facilitaban la salida de circulaci\u00f3n de estos veh\u00edculos. La red estaba liderada por el civil P.A.B.A., quien coordinaba las diligencias y recib\u00eda solicitudes directas de abogados. Fuentes de BBCL informaron que estos procesos suelen demorar meses o a\u00f1os, lo que impuls\u00f3 a las empresas afectadas a recurrir a los servicios ilegales de los implicados.<\/p>\n<p>El fiscal Arrieta coment\u00f3 que buscaban agilizar procesos ilegalmente. Los estudios jur\u00eddicos pagaban por rapidez, aunque no hay pruebas de que conocieran el mecanismo il\u00edcito.<\/p>\n","protected":false},"excerpt":{"rendered":"<p>La Fiscal\u00eda Sur formaliz\u00f3 a 15 imputados en una red de corrupci\u00f3n, entre ellos 9 ex Carabineros y 6 civiles. Tres ex uniformados, el l\u00edder criminal y un receptor judicial permanecen en prisi\u00f3n preventiva. Los dem\u00e1s enfrentan medidas cautelares menores, excepto la esposa del cabecilla, quien est\u00e1 bajo arresto domiciliario total. El tribunal dispuso cuatro [&hellip;]<\/p>\n","protected":false},"author":2,"featured_media":16481,"comment_status":"closed","ping_status":"open","sticky":false,"template":"","format":"standard","meta":{"_jetpack_memberships_contains_paid_content":false,"jnews-multi-image_gallery":[],"jnews_single_post":[],"jnews_primary_category":[],"jnews_social_meta":[],"jnews_paywall_metabox":[],"jnews_review":[],"enable_review":"","type":"","name":"","summary":"","brand":"","sku":"","good":[],"bad":[],"score_override":"","override_value":"","rating":[],"price":[],"jnews_override_counter":[],"jnews_post_split":[],"footnotes":""},"categories":[21],"tags":[],"class_list":["post-16482","post","type-post","status-publish","format-standard","has-post-thumbnail","hentry","category-nacional"],"jetpack_featured_media_url":"https:\/\/laserenaradio.cl\/web\/wp-content\/uploads\/2025\/06\/homepiaiextractoscrapimg_webpexcarabinerosCarabineros_1.webp","jetpack_sharing_enabled":true,"_links":{"self":[{"href":"https:\/\/laserenaradio.cl\/web\/wp-json\/wp\/v2\/posts\/16482","targetHints":{"allow":["GET"]}}],"collection":[{"href":"https:\/\/laserenaradio.cl\/web\/wp-json\/wp\/v2\/posts"}],"about":[{"href":"https:\/\/laserenaradio.cl\/web\/wp-json\/wp\/v2\/types\/post"}],"author":[{"embeddable":true,"href":"https:\/\/laserenaradio.cl\/web\/wp-json\/wp\/v2\/users\/2"}],"replies":[{"embeddable":true,"href":"https:\/\/laserenaradio.cl\/web\/wp-json\/wp\/v2\/comments?post=16482"}],"version-history":[{"count":1,"href":"https:\/\/laserenaradio.cl\/web\/wp-json\/wp\/v2\/posts\/16482\/revisions"}],"predecessor-version":[{"id":16483,"href":"https:\/\/laserenaradio.cl\/web\/wp-json\/wp\/v2\/posts\/16482\/revisions\/16483"}],"wp:featuredmedia":[{"embeddable":true,"href":"https:\/\/laserenaradio.cl\/web\/wp-json\/wp\/v2\/media\/16481"}],"wp:attachment":[{"href":"https:\/\/laserenaradio.cl\/web\/wp-json\/wp\/v2\/media?parent=16482"}],"wp:term":[{"taxonomy":"category","embeddable":true,"href":"https:\/\/laserenaradio.cl\/web\/wp-json\/wp\/v2\/categories?post=16482"},{"taxonomy":"post_tag","embeddable":true,"href":"https:\/\/laserenaradio.cl\/web\/wp-json\/wp\/v2\/tags?post=16482"}],"curies":[{"name":"wp","href":"https:\/\/api.w.org\/{rel}","templated":true}]}}