{"id":16443,"date":"2025-06-11T15:22:57","date_gmt":"2025-06-11T18:22:57","guid":{"rendered":"https:\/\/laserenaradio.cl\/web\/?p=16443"},"modified":"2025-06-11T15:22:57","modified_gmt":"2025-06-11T18:22:57","slug":"guti-critica-a-lamine-yamal-por-usar-gorra-hacia-atras-en-rueda-de-prensa","status":"publish","type":"post","link":"https:\/\/laserenaradio.cl\/web\/2025\/06\/11\/guti-critica-a-lamine-yamal-por-usar-gorra-hacia-atras-en-rueda-de-prensa\/","title":{"rendered":"Guti critica a Lamine Yamal por usar gorra hacia atr\u00e1s en rueda de prensa"},"content":{"rendered":"<p>Lamine Yamal, joya del FC Barcelona y selecci\u00f3n espa\u00f1ola, genera titulares por su talento en el campo. En un reciente encuentro contra Francia en la Liga de Naciones, una simple gorra con una torcidura le incomod\u00f3 a Guti, exseleccionado e hist\u00f3rico del Real Madrid.<\/p>\n<p>El joven jugador, de 17 a\u00f1os, asisti\u00f3 a la rueda de prensa con la gorra puesta hacia atr\u00e1s y ligeramente torcida. El detalle aparentemente menor no pas\u00f3 desapercibido para Guti, quien coment\u00f3: &#8220;A m\u00ed ll\u00e1mame viejo, pero esas cosas no me gustan. Yo no s\u00e9 si es la primera vez que veo a un \u2018t\u00edo\u2019 con una gorra para atr\u00e1s&#8221;.<\/p>\n<p>El exmediocampista del Real Madrid justific\u00f3 su reacci\u00f3n al comentar: &#8220;Eso no me gusta, lo siento, es as\u00ed. Est\u00e1 con la selecci\u00f3n espa\u00f1ola. No es culpa suya, es de la gente que est\u00e1 al lado que no le dice &#8216;No, as\u00ed no'&#8221;. Guti a\u00f1adi\u00f3 que cuando el jugador est\u00e9 en Ibiza o cualquier otro lugar, &#8220;que lo haga&#8221;, pero enfatiz\u00f3: &#8220;en una rueda de prensa no&#8221;.<\/p>\n<p>El Chiringuito de Jugones, conducido por Josep Pedrerol, record\u00f3 el estilo desenfadado de Guti durante su carrera. Sin embargo, el oriundo de Torrej\u00f3n de Ardoz fue firme en sus opiniones: &#8220;Debe ser que me he vuelto viejo, pero es as\u00ed. Esa es la realidad&#8221;.<\/p>\n","protected":false},"excerpt":{"rendered":"<p>Lamine Yamal, joya del FC Barcelona y selecci\u00f3n espa\u00f1ola, genera titulares por su talento en el campo. En un reciente encuentro contra Francia en la Liga de Naciones, una simple gorra con una torcidura le incomod\u00f3 a Guti, exseleccionado e hist\u00f3rico del Real Madrid. El joven jugador, de 17 a\u00f1os, asisti\u00f3 a la rueda de [&hellip;]<\/p>\n","protected":false},"author":2,"featured_media":16442,"comment_status":"closed","ping_status":"open","sticky":false,"template":"","format":"standard","meta":{"_jetpack_memberships_contains_paid_content":false,"jnews-multi-image_gallery":[],"jnews_single_post":[],"jnews_primary_category":[],"jnews_social_meta":[],"jnews_paywall_metabox":[],"jnews_review":[],"enable_review":"","type":"","name":"","summary":"","brand":"","sku":"","good":[],"bad":[],"score_override":"","override_value":"","rating":[],"price":[],"jnews_override_counter":[],"jnews_post_split":[],"footnotes":""},"categories":[84],"tags":[],"class_list":["post-16443","post","type-post","status-publish","format-standard","has-post-thumbnail","hentry","category-deportes"],"jetpack_featured_media_url":"https:\/\/laserenaradio.cl\/web\/wp-content\/uploads\/2025\/06\/homepiaiextractoscrapimg_webpGutiLamine_1.webp","jetpack_sharing_enabled":true,"_links":{"self":[{"href":"https:\/\/laserenaradio.cl\/web\/wp-json\/wp\/v2\/posts\/16443","targetHints":{"allow":["GET"]}}],"collection":[{"href":"https:\/\/laserenaradio.cl\/web\/wp-json\/wp\/v2\/posts"}],"about":[{"href":"https:\/\/laserenaradio.cl\/web\/wp-json\/wp\/v2\/types\/post"}],"author":[{"embeddable":true,"href":"https:\/\/laserenaradio.cl\/web\/wp-json\/wp\/v2\/users\/2"}],"replies":[{"embeddable":true,"href":"https:\/\/laserenaradio.cl\/web\/wp-json\/wp\/v2\/comments?post=16443"}],"version-history":[{"count":1,"href":"https:\/\/laserenaradio.cl\/web\/wp-json\/wp\/v2\/posts\/16443\/revisions"}],"predecessor-version":[{"id":16444,"href":"https:\/\/laserenaradio.cl\/web\/wp-json\/wp\/v2\/posts\/16443\/revisions\/16444"}],"wp:featuredmedia":[{"embeddable":true,"href":"https:\/\/laserenaradio.cl\/web\/wp-json\/wp\/v2\/media\/16442"}],"wp:attachment":[{"href":"https:\/\/laserenaradio.cl\/web\/wp-json\/wp\/v2\/media?parent=16443"}],"wp:term":[{"taxonomy":"category","embeddable":true,"href":"https:\/\/laserenaradio.cl\/web\/wp-json\/wp\/v2\/categories?post=16443"},{"taxonomy":"post_tag","embeddable":true,"href":"https:\/\/laserenaradio.cl\/web\/wp-json\/wp\/v2\/tags?post=16443"}],"curies":[{"name":"wp","href":"https:\/\/api.w.org\/{rel}","templated":true}]}}