{"id":16416,"date":"2025-06-11T10:44:23","date_gmt":"2025-06-11T13:44:23","guid":{"rendered":"https:\/\/laserenaradio.cl\/web\/?p=16416"},"modified":"2025-06-11T10:44:23","modified_gmt":"2025-06-11T13:44:23","slug":"marcelo-bielsa-discutio-con-periodista-espanol-discapacitado","status":"publish","type":"post","link":"https:\/\/laserenaradio.cl\/web\/2025\/06\/11\/marcelo-bielsa-discutio-con-periodista-espanol-discapacitado\/","title":{"rendered":"Marcelo Bielsa discuti\u00f3 con periodista espa\u00f1ol discapacitado."},"content":{"rendered":"<p>Marcelo Bielsa, actual director t\u00e9cnico de Uruguay, protagoniz\u00f3 un nuevo episodio en una conferencia de prensa tras la victoria contra Venezuela. El incidente involucr\u00f3 a Carlos Bonelli, un periodista discapacitado espa\u00f1ol que visit\u00f3 al DT para grabar un documental sobre su vida. <\/p>\n<p>Durante la rueda de prensa, un comunicador uruguayo tom\u00f3 la palabra y revel\u00f3 las circunstancias del encuentro entre Bielsa y Bonelli, a lo que el t\u00e9cnico respondi\u00f3 con inmediatez: &#8220;No, pero hablemos del partido \u00bfLa exposici\u00f3n a qu\u00e9 va?&#8221; La conversaci\u00f3n se volvi\u00f3 tensa cuando Bonelli intervino, expresando su bienestar personal ante Bielsa.<\/p>\n<p>Sin embargo, Bielsa no mostr\u00f3 disposici\u00f3n para discutir el tema: &#8220;Me extra\u00f1a que me preguntes si te conozco. Dec\u00ed, dec\u00ed. Ya que ten\u00e9s un vocero que difunde, dec\u00ed lo que me tengas que decir&#8221;. Bonelli propuso una conversaci\u00f3n posterior pero fue rechazado por Bielsa, quien argument\u00f3 su decisi\u00f3n en t\u00e9rminos de integridad y respeto personal.<\/p>\n<p>Finalmente, Bielsa cerr\u00f3 la discusi\u00f3n afirmando: &#8220;Mis afectos, mis respetos, mi consideraci\u00f3n para vos siempre de la misma manera. Pero tu nombre lo utilizaron gente de una manera tan insistente y burda, que me pareci\u00f3 que la \u00fanica manera que deb\u00eda respetarte era ignorando el sentido comercial y avasallante de la gente que te acompa\u00f1a&#8221;. A pesar del conflicto, tras finalizada la conferencia, Bielsa se acerc\u00f3 a Bonelli para conversar.<\/p>\n","protected":false},"excerpt":{"rendered":"<p>Marcelo Bielsa, actual director t\u00e9cnico de Uruguay, protagoniz\u00f3 un nuevo episodio en una conferencia de prensa tras la victoria contra Venezuela. El incidente involucr\u00f3 a Carlos Bonelli, un periodista discapacitado espa\u00f1ol que visit\u00f3 al DT para grabar un documental sobre su vida. Durante la rueda de prensa, un comunicador uruguayo tom\u00f3 la palabra y revel\u00f3 [&hellip;]<\/p>\n","protected":false},"author":2,"featured_media":16415,"comment_status":"closed","ping_status":"open","sticky":false,"template":"","format":"standard","meta":{"_jetpack_memberships_contains_paid_content":false,"jnews-multi-image_gallery":[],"jnews_single_post":[],"jnews_primary_category":[],"jnews_social_meta":[],"jnews_paywall_metabox":[],"jnews_review":[],"enable_review":"","type":"","name":"","summary":"","brand":"","sku":"","good":[],"bad":[],"score_override":"","override_value":"","rating":[],"price":[],"jnews_override_counter":[],"jnews_post_split":[],"footnotes":""},"categories":[84],"tags":[],"class_list":["post-16416","post","type-post","status-publish","format-standard","has-post-thumbnail","hentry","category-deportes"],"jetpack_featured_media_url":"https:\/\/laserenaradio.cl\/web\/wp-content\/uploads\/2025\/06\/homepiaiextractoscrapimg_predeterminadalaserenaradio_deportes-7.webp","jetpack_sharing_enabled":true,"_links":{"self":[{"href":"https:\/\/laserenaradio.cl\/web\/wp-json\/wp\/v2\/posts\/16416","targetHints":{"allow":["GET"]}}],"collection":[{"href":"https:\/\/laserenaradio.cl\/web\/wp-json\/wp\/v2\/posts"}],"about":[{"href":"https:\/\/laserenaradio.cl\/web\/wp-json\/wp\/v2\/types\/post"}],"author":[{"embeddable":true,"href":"https:\/\/laserenaradio.cl\/web\/wp-json\/wp\/v2\/users\/2"}],"replies":[{"embeddable":true,"href":"https:\/\/laserenaradio.cl\/web\/wp-json\/wp\/v2\/comments?post=16416"}],"version-history":[{"count":1,"href":"https:\/\/laserenaradio.cl\/web\/wp-json\/wp\/v2\/posts\/16416\/revisions"}],"predecessor-version":[{"id":16417,"href":"https:\/\/laserenaradio.cl\/web\/wp-json\/wp\/v2\/posts\/16416\/revisions\/16417"}],"wp:featuredmedia":[{"embeddable":true,"href":"https:\/\/laserenaradio.cl\/web\/wp-json\/wp\/v2\/media\/16415"}],"wp:attachment":[{"href":"https:\/\/laserenaradio.cl\/web\/wp-json\/wp\/v2\/media?parent=16416"}],"wp:term":[{"taxonomy":"category","embeddable":true,"href":"https:\/\/laserenaradio.cl\/web\/wp-json\/wp\/v2\/categories?post=16416"},{"taxonomy":"post_tag","embeddable":true,"href":"https:\/\/laserenaradio.cl\/web\/wp-json\/wp\/v2\/tags?post=16416"}],"curies":[{"name":"wp","href":"https:\/\/api.w.org\/{rel}","templated":true}]}}