{"id":16374,"date":"2025-06-09T22:50:31","date_gmt":"2025-06-10T01:50:31","guid":{"rendered":"https:\/\/laserenaradio.cl\/web\/?p=16374"},"modified":"2025-06-09T22:50:31","modified_gmt":"2025-06-10T01:50:31","slug":"jeannette-jara-critica-a-jose-antonio-kast-y-a-johannes-kaiser-como-ultraderecha","status":"publish","type":"post","link":"https:\/\/laserenaradio.cl\/web\/2025\/06\/09\/jeannette-jara-critica-a-jose-antonio-kast-y-a-johannes-kaiser-como-ultraderecha\/","title":{"rendered":"Jeannette Jara critica a Jos\u00e9 Antonio Kast y a Johannes Kaiser como &#8220;ultraderecha&#8221;"},"content":{"rendered":"<p>Jeannette Jara, precandidata presidencial del Partido Comunista y Acci\u00f3n Humanista, cuestion\u00f3 la posibilidad de que mujeres voten por candidatos de ultraderecha. En una entrevista con el diario La Segunda, se\u00f1al\u00f3: &#8220;No entiendo c\u00f3mo hay mujeres que pueden votar por gente as\u00ed&#8221;.<\/p>\n<p>Jara insisti\u00f3 en que es un ejercicio democr\u00e1tico invitar a votar en las primarias del oficialismo, aunque no se espera una gran participaci\u00f3n. Asegur\u00f3: &#8220;Tenemos que trabajar con unidad para enfrentarnos a la ultraderecha y ganar la presidencial, para no retroceder en los avances tan significativos que hemos tenido&#8221;.<\/p>\n<p>La exministra del Trabajo critic\u00f3 a candidatos como Jos\u00e9 Antonio Kast (Rep) y Johannes Kaiser (PNL), declarando: &#8220;Yo no puedo creer que traten a las mujeres como ciudadanas de segunda clase&#8221;. A pesar del &#8220;desencanto&#8221; con el actual Ejecutivo, Jara enfatiz\u00f3 la necesidad de ver alternativas.<\/p>\n<p>Finalmente, confirm\u00f3 su alineaci\u00f3n con quien gane en las primarias: &#8220;Espero ser yo en todo caso. Lo lamento por Landerretche, pero es Carolina Toh\u00e1 la que debiera contarnos qu\u00e9 est\u00e1 pasando&#8221;.<\/p>\n","protected":false},"excerpt":{"rendered":"<p>Jeannette Jara, precandidata presidencial del Partido Comunista y Acci\u00f3n Humanista, cuestion\u00f3 la posibilidad de que mujeres voten por candidatos de ultraderecha. En una entrevista con el diario La Segunda, se\u00f1al\u00f3: &#8220;No entiendo c\u00f3mo hay mujeres que pueden votar por gente as\u00ed&#8221;. Jara insisti\u00f3 en que es un ejercicio democr\u00e1tico invitar a votar en las primarias [&hellip;]<\/p>\n","protected":false},"author":2,"featured_media":16373,"comment_status":"closed","ping_status":"open","sticky":false,"template":"","format":"standard","meta":{"_jetpack_memberships_contains_paid_content":false,"jnews-multi-image_gallery":[],"jnews_single_post":[],"jnews_primary_category":[],"jnews_social_meta":[],"jnews_paywall_metabox":[],"jnews_review":[],"enable_review":"","type":"","name":"","summary":"","brand":"","sku":"","good":[],"bad":[],"score_override":"","override_value":"","rating":[],"price":[],"jnews_override_counter":[],"jnews_post_split":[],"footnotes":""},"categories":[83],"tags":[],"class_list":["post-16374","post","type-post","status-publish","format-standard","has-post-thumbnail","hentry","category-politica"],"jetpack_featured_media_url":"https:\/\/laserenaradio.cl\/web\/wp-content\/uploads\/2025\/06\/homepiaiextractoscrapimg_webpmujeresultraderechaJeannetteJarapresidencial_0.webp","jetpack_sharing_enabled":true,"_links":{"self":[{"href":"https:\/\/laserenaradio.cl\/web\/wp-json\/wp\/v2\/posts\/16374","targetHints":{"allow":["GET"]}}],"collection":[{"href":"https:\/\/laserenaradio.cl\/web\/wp-json\/wp\/v2\/posts"}],"about":[{"href":"https:\/\/laserenaradio.cl\/web\/wp-json\/wp\/v2\/types\/post"}],"author":[{"embeddable":true,"href":"https:\/\/laserenaradio.cl\/web\/wp-json\/wp\/v2\/users\/2"}],"replies":[{"embeddable":true,"href":"https:\/\/laserenaradio.cl\/web\/wp-json\/wp\/v2\/comments?post=16374"}],"version-history":[{"count":1,"href":"https:\/\/laserenaradio.cl\/web\/wp-json\/wp\/v2\/posts\/16374\/revisions"}],"predecessor-version":[{"id":16375,"href":"https:\/\/laserenaradio.cl\/web\/wp-json\/wp\/v2\/posts\/16374\/revisions\/16375"}],"wp:featuredmedia":[{"embeddable":true,"href":"https:\/\/laserenaradio.cl\/web\/wp-json\/wp\/v2\/media\/16373"}],"wp:attachment":[{"href":"https:\/\/laserenaradio.cl\/web\/wp-json\/wp\/v2\/media?parent=16374"}],"wp:term":[{"taxonomy":"category","embeddable":true,"href":"https:\/\/laserenaradio.cl\/web\/wp-json\/wp\/v2\/categories?post=16374"},{"taxonomy":"post_tag","embeddable":true,"href":"https:\/\/laserenaradio.cl\/web\/wp-json\/wp\/v2\/tags?post=16374"}],"curies":[{"name":"wp","href":"https:\/\/api.w.org\/{rel}","templated":true}]}}