{"id":16362,"date":"2025-06-09T21:49:05","date_gmt":"2025-06-10T00:49:05","guid":{"rendered":"https:\/\/laserenaradio.cl\/web\/?p=16362"},"modified":"2025-06-09T21:49:05","modified_gmt":"2025-06-10T00:49:05","slug":"cntv-defino-el-orden-de-aparicion-de-candidaturas-en-elecciones-primarias-2025","status":"publish","type":"post","link":"https:\/\/laserenaradio.cl\/web\/2025\/06\/09\/cntv-defino-el-orden-de-aparicion-de-candidaturas-en-elecciones-primarias-2025\/","title":{"rendered":"CNTV defin\u00f3 el orden de aparici\u00f3n de candidaturas en Elecciones Primarias 2025."},"content":{"rendered":"<p>El pasado viernes 6 de junio, el Consejo Nacional de Televisi\u00f3n (CNTV) realiz\u00f3 el sorteo para definir el orden de aparici\u00f3n de las candidaturas en la franja electoral para las Elecciones Primarias 2025.<\/p>\n<p>Previo a cada elecci\u00f3n o consulta ciudadana, las opciones a votar producen propaganda audiovisual que se emite en televisi\u00f3n abierta durante un horario fijo. En este caso, la franja electoral se emitir\u00e1 dos veces al d\u00eda: a las 12:52:30 horas y a las 20:52:30 horas.<\/p>\n<p>Cada bloque diario tendr\u00e1 una duraci\u00f3n de 7 minutos y 30 segundos. Los contenidos ser\u00e1n transmitidos entre el mi\u00e9rcoles 11 y el jueves 26 de junio, tres d\u00edas antes del evento electoral.<\/p>\n<p>Tras el sorteo realizado por el CNTV, la primera candidatura que abrir\u00e1 la franja ser\u00e1 la de Jeannette Jara, del Partido Comunista. Luego ser\u00e1 Carolina Toh\u00e1 del Partido por la Democracia (PPD), seguida por Gonzalo Winter del Frente Amplio. Finalmente, Jaime Mulet de la Federaci\u00f3n Regionalista Verde Social cerrar\u00e1 la primera jornada.<\/p>\n<p>Seg\u00fan el CNTV, los dos bloques que se transmitir\u00e1n el mi\u00e9rcoles 11 de junio seguir\u00e1n este orden. A partir de la segunda jornada, esta lista ir\u00e1 rotando, por lo que Jeannette Jara cerrar\u00e1 la franja electoral el d\u00eda siguiente y as\u00ed sucesivamente.<\/p>\n<p>Este bloque de propaganda se emitir\u00e1 \u201cen todas las se\u00f1ales de los concesionarios de televisi\u00f3n abierta de libre recepci\u00f3n\u201d, a nivel nacional, regional, local y comunitario. Los partidos pol\u00edticos o pactos ser\u00e1n responsables de los contenidos que difundan en su espacio, a\u00f1adiendo que el Consejo Nacional de Televisi\u00f3n no tiene atribuciones para fiscalizarlos.<\/p>\n","protected":false},"excerpt":{"rendered":"<p>El pasado viernes 6 de junio, el Consejo Nacional de Televisi\u00f3n (CNTV) realiz\u00f3 el sorteo para definir el orden de aparici\u00f3n de las candidaturas en la franja electoral para las Elecciones Primarias 2025. Previo a cada elecci\u00f3n o consulta ciudadana, las opciones a votar producen propaganda audiovisual que se emite en televisi\u00f3n abierta durante un [&hellip;]<\/p>\n","protected":false},"author":2,"featured_media":16361,"comment_status":"closed","ping_status":"open","sticky":false,"template":"","format":"standard","meta":{"_jetpack_memberships_contains_paid_content":false,"jnews-multi-image_gallery":[],"jnews_single_post":[],"jnews_primary_category":[],"jnews_social_meta":[],"jnews_paywall_metabox":[],"jnews_review":[],"enable_review":"","type":"","name":"","summary":"","brand":"","sku":"","good":[],"bad":[],"score_override":"","override_value":"","rating":[],"price":[],"jnews_override_counter":[],"jnews_post_split":[],"footnotes":""},"categories":[83],"tags":[],"class_list":["post-16362","post","type-post","status-publish","format-standard","has-post-thumbnail","hentry","category-politica"],"jetpack_featured_media_url":"https:\/\/laserenaradio.cl\/web\/wp-content\/uploads\/2025\/06\/homepiaiextractoscrapimg_webpCNTVElecciones_1.webp","jetpack_sharing_enabled":true,"_links":{"self":[{"href":"https:\/\/laserenaradio.cl\/web\/wp-json\/wp\/v2\/posts\/16362","targetHints":{"allow":["GET"]}}],"collection":[{"href":"https:\/\/laserenaradio.cl\/web\/wp-json\/wp\/v2\/posts"}],"about":[{"href":"https:\/\/laserenaradio.cl\/web\/wp-json\/wp\/v2\/types\/post"}],"author":[{"embeddable":true,"href":"https:\/\/laserenaradio.cl\/web\/wp-json\/wp\/v2\/users\/2"}],"replies":[{"embeddable":true,"href":"https:\/\/laserenaradio.cl\/web\/wp-json\/wp\/v2\/comments?post=16362"}],"version-history":[{"count":1,"href":"https:\/\/laserenaradio.cl\/web\/wp-json\/wp\/v2\/posts\/16362\/revisions"}],"predecessor-version":[{"id":16363,"href":"https:\/\/laserenaradio.cl\/web\/wp-json\/wp\/v2\/posts\/16362\/revisions\/16363"}],"wp:featuredmedia":[{"embeddable":true,"href":"https:\/\/laserenaradio.cl\/web\/wp-json\/wp\/v2\/media\/16361"}],"wp:attachment":[{"href":"https:\/\/laserenaradio.cl\/web\/wp-json\/wp\/v2\/media?parent=16362"}],"wp:term":[{"taxonomy":"category","embeddable":true,"href":"https:\/\/laserenaradio.cl\/web\/wp-json\/wp\/v2\/categories?post=16362"},{"taxonomy":"post_tag","embeddable":true,"href":"https:\/\/laserenaradio.cl\/web\/wp-json\/wp\/v2\/tags?post=16362"}],"curies":[{"name":"wp","href":"https:\/\/api.w.org\/{rel}","templated":true}]}}