{"id":16341,"date":"2025-06-09T13:00:59","date_gmt":"2025-06-09T16:00:59","guid":{"rendered":"https:\/\/laserenaradio.cl\/web\/?p=16341"},"modified":"2025-06-09T13:00:59","modified_gmt":"2025-06-09T16:00:59","slug":"evelyn-matthei-lidera-en-indice-de-confianza-en-encuesta-vox-pop","status":"publish","type":"post","link":"https:\/\/laserenaradio.cl\/web\/2025\/06\/09\/evelyn-matthei-lidera-en-indice-de-confianza-en-encuesta-vox-pop\/","title":{"rendered":"Evelyn Matthei lidera en \u00edndice de confianza en encuesta Vox Pop."},"content":{"rendered":"<p>Este domingo se dieron a conocer los resultados de la encuesta Vox Pop, que analiza las pr\u00f3ximas elecciones presidenciales con preguntas no convencionales. En esta, Evelyn Matthei destac\u00f3 en el \u00edndice de confianza, mientras que Jos\u00e9 Antonio Kast en liderazgo, reparti\u00e9ndose ambos las principales cualidades evaluadas entre los precandidatos.<\/p>\n<p>El sondeo midi\u00f3 la percepci\u00f3n de los postulantes en cinco aspectos: confianza, capacidad de liderazgo, cercan\u00eda, competencia en crisis y carisma. Para ello, se formularon preguntas como: \u201c\u00bfA qu\u00e9 candidato le dejar\u00edas a cargo tu mascota?\u201d, \u201c\u00bfA cu\u00e1l de ellos te gustar\u00eda tener como vecino?\u201d, \u201c\u00bfCon cu\u00e1l te tomar\u00edas una piscola conversada?\u201d, y \u201c\u00bfA qui\u00e9n te habr\u00eda gustado como pololo para tu hijo?\u201d.<\/p>\n<p>En total, se realizaron 798 encuestas a nivel nacional, considerando como alternativas a seis precandidatos: Evelyn Matthei (Chile Vamos), Jos\u00e9 Antonio Kast (Rep), Johannes Kaiser (PNL), Carolina Toh\u00e1 (Socialismo Democr\u00e1tico), Jeannette Jara (PC-AH) y Gonzalo Winter (FA). Adem\u00e1s, se incluy\u00f3 una secci\u00f3n espec\u00edfica para las primarias del oficialismo, aunque no se consider\u00f3 en ella al precandidato de la Federaci\u00f3n Regionalista Verde Social (FRVS), Jaime Mulet.<\/p>\n<p>En cuanto a los resultados generales, revelados por The Clinic, la exalcaldesa de Providencia lidera en tres de los cinco \u00edndices evaluados, aunque con matices seg\u00fan la pregunta. En el \u00e1mbito de la confianza, Matthei es indicada como la m\u00e1s apta para cuidar a tu mascota, ser responsable de tu salud, tener a cargo a tus padres, entre otros. As\u00ed, logr\u00f3 un 28% de confianza, seguida por Kast con 24%, y Jara y Toh\u00e1 con 14% cada una.<\/p>\n<p>Por su parte, en liderazgo, Kast ser\u00eda el m\u00e1s indicado para liderar el camar\u00edn de La Roja, empezar un emprendimiento, ser un jefe, entre otros. De esa forma, lider\u00f3 dicho \u00edndice con 31%, seguido por Matthei (23%) y Kaiser (17%). En cuanto a cercan\u00eda, Matthei vuelve a tomar la delantera, siendo la m\u00e1s elegida para tenerla de vecina, de suegra y para tomarse una piscola. Con eso, obtuvo un 25% en el \u00edndice, seguida por Kast (22%), y Kaiser (14%).<\/p>\n<p>Respecto al \u00edtem de competencia en crisis, el republicano fue el m\u00e1s valorado. Siendo elegido para aterrizar un avi\u00f3n, para ser Batman y para confiarle la organizaci\u00f3n de una emergencia. As\u00ed, lider\u00f3 con 27%, seguido de Matthei (24%) y Kaiser (16%). Finalmente, en cuanto a carisma, la precandidata de Chile Vamos volvi\u00f3 a destacar. Siendo indicada como la que tendr\u00eda un mejor desempe\u00f1o en un karaoke y como la m\u00e1s entretenida. Con ello, obtuvo un 30%, seguida de Kast (20%) y Jara (14%).<\/p>\n<p>Ahora, en la secci\u00f3n de las primarias oficialistas, que limita los resultados a dicho sector, Jeannette Jara se impuso en confianza con un 44%, seguida de Carolina Toh\u00e1 (36%) y Gonzalo Winter (21%). En liderazgo, la comunista empata con Toh\u00e1, ambas con 35%, mientras Winter obtuvo 30%. Respecto a cercan\u00eda, vuelve a liderar -aunque ajustadamente- Jara, con un 34%. Mientras que Toh\u00e1 y Winter obtuvieron 33%. En competencia en crisis lidera Winter con 35%, seguido de Toh\u00e1 (34%) y Jara (31%). Y en carisma, Jara destac\u00f3 con 38%, seguida de Toh\u00e1 (31%) y finalmente Winter (30%).<\/p>\n","protected":false},"excerpt":{"rendered":"<p>Este domingo se dieron a conocer los resultados de la encuesta Vox Pop, que analiza las pr\u00f3ximas elecciones presidenciales con preguntas no convencionales. En esta, Evelyn Matthei destac\u00f3 en el \u00edndice de confianza, mientras que Jos\u00e9 Antonio Kast en liderazgo, reparti\u00e9ndose ambos las principales cualidades evaluadas entre los precandidatos. El sondeo midi\u00f3 la percepci\u00f3n de [&hellip;]<\/p>\n","protected":false},"author":2,"featured_media":16340,"comment_status":"closed","ping_status":"open","sticky":false,"template":"","format":"standard","meta":{"_jetpack_memberships_contains_paid_content":false,"jnews-multi-image_gallery":[],"jnews_single_post":[],"jnews_primary_category":[],"jnews_social_meta":[],"jnews_paywall_metabox":[],"jnews_review":[],"enable_review":"","type":"","name":"","summary":"","brand":"","sku":"","good":[],"bad":[],"score_override":"","override_value":"","rating":[],"price":[],"jnews_override_counter":[],"jnews_post_split":[],"footnotes":""},"categories":[83],"tags":[],"class_list":["post-16341","post","type-post","status-publish","format-standard","has-post-thumbnail","hentry","category-politica"],"jetpack_featured_media_url":"https:\/\/laserenaradio.cl\/web\/wp-content\/uploads\/2025\/06\/homepiaiextractoscrapimg_predeterminadalaserenaradio_politica-5.webp","jetpack_sharing_enabled":true,"_links":{"self":[{"href":"https:\/\/laserenaradio.cl\/web\/wp-json\/wp\/v2\/posts\/16341","targetHints":{"allow":["GET"]}}],"collection":[{"href":"https:\/\/laserenaradio.cl\/web\/wp-json\/wp\/v2\/posts"}],"about":[{"href":"https:\/\/laserenaradio.cl\/web\/wp-json\/wp\/v2\/types\/post"}],"author":[{"embeddable":true,"href":"https:\/\/laserenaradio.cl\/web\/wp-json\/wp\/v2\/users\/2"}],"replies":[{"embeddable":true,"href":"https:\/\/laserenaradio.cl\/web\/wp-json\/wp\/v2\/comments?post=16341"}],"version-history":[{"count":1,"href":"https:\/\/laserenaradio.cl\/web\/wp-json\/wp\/v2\/posts\/16341\/revisions"}],"predecessor-version":[{"id":16342,"href":"https:\/\/laserenaradio.cl\/web\/wp-json\/wp\/v2\/posts\/16341\/revisions\/16342"}],"wp:featuredmedia":[{"embeddable":true,"href":"https:\/\/laserenaradio.cl\/web\/wp-json\/wp\/v2\/media\/16340"}],"wp:attachment":[{"href":"https:\/\/laserenaradio.cl\/web\/wp-json\/wp\/v2\/media?parent=16341"}],"wp:term":[{"taxonomy":"category","embeddable":true,"href":"https:\/\/laserenaradio.cl\/web\/wp-json\/wp\/v2\/categories?post=16341"},{"taxonomy":"post_tag","embeddable":true,"href":"https:\/\/laserenaradio.cl\/web\/wp-json\/wp\/v2\/tags?post=16341"}],"curies":[{"name":"wp","href":"https:\/\/api.w.org\/{rel}","templated":true}]}}