{"id":16335,"date":"2025-06-09T00:05:48","date_gmt":"2025-06-09T03:05:48","guid":{"rendered":"https:\/\/laserenaradio.cl\/web\/?p=16335"},"modified":"2025-06-09T00:05:48","modified_gmt":"2025-06-09T03:05:48","slug":"frevs-busca-competir-en-todo-chile","status":"publish","type":"post","link":"https:\/\/laserenaradio.cl\/web\/2025\/06\/09\/frevs-busca-competir-en-todo-chile\/","title":{"rendered":"FREVS busca competir en todo Chile."},"content":{"rendered":"<p>Jaime Mulet, candidato presidencial de la Federaci\u00f3n Regionalista Verde Social (FREVS), anunci\u00f3 que competir\u00e1 en todo Chile con candidatos a diputados y senadores. Este compromiso se refleja en su afirmaci\u00f3n de llevar candidaturas a los 28 distritos y las siete circunscripciones senatoriales del pa\u00eds.<\/p>\n<p>Mulet enfatiz\u00f3 la necesidad de dos listas parlamentarias, una posici\u00f3n que apoyan gran parte de los partidos del oficialismo. Seg\u00fan el abanderado, estas dos listas permitir\u00e1n una competencia m\u00e1s amplia y beneficiar\u00e1n a un mayor n\u00famero de electores.<\/p>\n<p>El candidato subray\u00f3 que no est\u00e1n dispuestos a llevar una lista \u00fanica, ya que eso ser\u00eda irresponsable con sus seguidores y el electorado. Las conversaciones realizadas con la mayor\u00eda de los partidos del conglomerado confirmaron la impracticabilidad de una lista \u00fanica.<\/p>\n<p>Mulet argument\u00f3 que las dos listas permitir\u00e1n un mayor alcance territorial, lo cual es crucial para su estrategia electoral. Adem\u00e1s, asegur\u00f3 que estas dos listas garantizar\u00e1n que todos los partidos puedan competir con sus candidatos en todas las regiones y distritos de Chile.<\/p>\n<p>En resumen, la propuesta de Mulet implica una participaci\u00f3n integral del oficialismo y busca evitar acuerdos restrictivos que beneficien solo a unos pocos partidos.<\/p>\n","protected":false},"excerpt":{"rendered":"<p>Jaime Mulet, candidato presidencial de la Federaci\u00f3n Regionalista Verde Social (FREVS), anunci\u00f3 que competir\u00e1 en todo Chile con candidatos a diputados y senadores. Este compromiso se refleja en su afirmaci\u00f3n de llevar candidaturas a los 28 distritos y las siete circunscripciones senatoriales del pa\u00eds. Mulet enfatiz\u00f3 la necesidad de dos listas parlamentarias, una posici\u00f3n que [&hellip;]<\/p>\n","protected":false},"author":2,"featured_media":16334,"comment_status":"closed","ping_status":"open","sticky":false,"template":"","format":"standard","meta":{"_jetpack_memberships_contains_paid_content":false,"jnews-multi-image_gallery":[],"jnews_single_post":[],"jnews_primary_category":[],"jnews_social_meta":[],"jnews_paywall_metabox":[],"jnews_review":[],"enable_review":"","type":"","name":"","summary":"","brand":"","sku":"","good":[],"bad":[],"score_override":"","override_value":"","rating":[],"price":[],"jnews_override_counter":[],"jnews_post_split":[],"footnotes":""},"categories":[83],"tags":[],"class_list":["post-16335","post","type-post","status-publish","format-standard","has-post-thumbnail","hentry","category-politica"],"jetpack_featured_media_url":"https:\/\/laserenaradio.cl\/web\/wp-content\/uploads\/2025\/06\/homepiaiextractoscrapimg_webplistaspartidosChileMulet_1.webp","jetpack_sharing_enabled":true,"_links":{"self":[{"href":"https:\/\/laserenaradio.cl\/web\/wp-json\/wp\/v2\/posts\/16335","targetHints":{"allow":["GET"]}}],"collection":[{"href":"https:\/\/laserenaradio.cl\/web\/wp-json\/wp\/v2\/posts"}],"about":[{"href":"https:\/\/laserenaradio.cl\/web\/wp-json\/wp\/v2\/types\/post"}],"author":[{"embeddable":true,"href":"https:\/\/laserenaradio.cl\/web\/wp-json\/wp\/v2\/users\/2"}],"replies":[{"embeddable":true,"href":"https:\/\/laserenaradio.cl\/web\/wp-json\/wp\/v2\/comments?post=16335"}],"version-history":[{"count":1,"href":"https:\/\/laserenaradio.cl\/web\/wp-json\/wp\/v2\/posts\/16335\/revisions"}],"predecessor-version":[{"id":16336,"href":"https:\/\/laserenaradio.cl\/web\/wp-json\/wp\/v2\/posts\/16335\/revisions\/16336"}],"wp:featuredmedia":[{"embeddable":true,"href":"https:\/\/laserenaradio.cl\/web\/wp-json\/wp\/v2\/media\/16334"}],"wp:attachment":[{"href":"https:\/\/laserenaradio.cl\/web\/wp-json\/wp\/v2\/media?parent=16335"}],"wp:term":[{"taxonomy":"category","embeddable":true,"href":"https:\/\/laserenaradio.cl\/web\/wp-json\/wp\/v2\/categories?post=16335"},{"taxonomy":"post_tag","embeddable":true,"href":"https:\/\/laserenaradio.cl\/web\/wp-json\/wp\/v2\/tags?post=16335"}],"curies":[{"name":"wp","href":"https:\/\/api.w.org\/{rel}","templated":true}]}}