{"id":16332,"date":"2025-06-09T00:03:20","date_gmt":"2025-06-09T03:03:20","guid":{"rendered":"https:\/\/laserenaradio.cl\/web\/?p=16332"},"modified":"2025-06-09T00:03:20","modified_gmt":"2025-06-09T03:03:20","slug":"aprobacion-de-gabriel-boric-llega-al-35","status":"publish","type":"post","link":"https:\/\/laserenaradio.cl\/web\/2025\/06\/09\/aprobacion-de-gabriel-boric-llega-al-35\/","title":{"rendered":"Aprobaci\u00f3n de Gabriel Boric llega al 35%"},"content":{"rendered":"<p>El presidente Gabriel Boric Font logr\u00f3 un nivel hist\u00f3rico de aprobaci\u00f3n en nueve meses, seg\u00fan datos de la encuesta Plaza P\u00fablica difundida por Cadem. En la primera semana de junio de 2025, el Mandatario alcanz\u00f3 una aprobaci\u00f3n del 35%, tres puntos porcentuales superior al dato recogido la semana anterior. Esta cifra representa el porcentaje de encuestados que valoran positivamente su gesti\u00f3n como Jefe de Estado.<\/p>\n<p>Por otro lado, la desaprobaci\u00f3n registrada disminuy\u00f3 tres puntos respecto a la semana pasada, situ\u00e1ndose en un 59%. Este cambio significativo es particularmente relevante si se compara con el 70% de rechazo que Boric Font experiment\u00f3 hace apenas un mes, lo que representa su peor nivel de desaprobaci\u00f3n desde asumir el cargo.<\/p>\n<p>Cadem atribuye este mejor rendimiento del presidente a un &#8220;efecto positivo post cuenta p\u00fablica&#8221;. Sin embargo, Boric Font mantiene su mejor marca en la encuesta Cadem desde finales de agosto de 2024, cuando tambi\u00e9n se report\u00f3 una aprobaci\u00f3n similar al 35%.<\/p>\n","protected":false},"excerpt":{"rendered":"<p>El presidente Gabriel Boric Font logr\u00f3 un nivel hist\u00f3rico de aprobaci\u00f3n en nueve meses, seg\u00fan datos de la encuesta Plaza P\u00fablica difundida por Cadem. En la primera semana de junio de 2025, el Mandatario alcanz\u00f3 una aprobaci\u00f3n del 35%, tres puntos porcentuales superior al dato recogido la semana anterior. Esta cifra representa el porcentaje de [&hellip;]<\/p>\n","protected":false},"author":2,"featured_media":16331,"comment_status":"closed","ping_status":"open","sticky":false,"template":"","format":"standard","meta":{"_jetpack_memberships_contains_paid_content":false,"jnews-multi-image_gallery":[],"jnews_single_post":[],"jnews_primary_category":[],"jnews_social_meta":[],"jnews_paywall_metabox":[],"jnews_review":[],"enable_review":"","type":"","name":"","summary":"","brand":"","sku":"","good":[],"bad":[],"score_override":"","override_value":"","rating":[],"price":[],"jnews_override_counter":[],"jnews_post_split":[],"footnotes":""},"categories":[83],"tags":[],"class_list":["post-16332","post","type-post","status-publish","format-standard","has-post-thumbnail","hentry","category-politica"],"jetpack_featured_media_url":"https:\/\/laserenaradio.cl\/web\/wp-content\/uploads\/2025\/06\/homepiaiextractoscrapimg_webpCademsemanapresidentenivel_0.webp","jetpack_sharing_enabled":true,"_links":{"self":[{"href":"https:\/\/laserenaradio.cl\/web\/wp-json\/wp\/v2\/posts\/16332","targetHints":{"allow":["GET"]}}],"collection":[{"href":"https:\/\/laserenaradio.cl\/web\/wp-json\/wp\/v2\/posts"}],"about":[{"href":"https:\/\/laserenaradio.cl\/web\/wp-json\/wp\/v2\/types\/post"}],"author":[{"embeddable":true,"href":"https:\/\/laserenaradio.cl\/web\/wp-json\/wp\/v2\/users\/2"}],"replies":[{"embeddable":true,"href":"https:\/\/laserenaradio.cl\/web\/wp-json\/wp\/v2\/comments?post=16332"}],"version-history":[{"count":1,"href":"https:\/\/laserenaradio.cl\/web\/wp-json\/wp\/v2\/posts\/16332\/revisions"}],"predecessor-version":[{"id":16333,"href":"https:\/\/laserenaradio.cl\/web\/wp-json\/wp\/v2\/posts\/16332\/revisions\/16333"}],"wp:featuredmedia":[{"embeddable":true,"href":"https:\/\/laserenaradio.cl\/web\/wp-json\/wp\/v2\/media\/16331"}],"wp:attachment":[{"href":"https:\/\/laserenaradio.cl\/web\/wp-json\/wp\/v2\/media?parent=16332"}],"wp:term":[{"taxonomy":"category","embeddable":true,"href":"https:\/\/laserenaradio.cl\/web\/wp-json\/wp\/v2\/categories?post=16332"},{"taxonomy":"post_tag","embeddable":true,"href":"https:\/\/laserenaradio.cl\/web\/wp-json\/wp\/v2\/tags?post=16332"}],"curies":[{"name":"wp","href":"https:\/\/api.w.org\/{rel}","templated":true}]}}