{"id":16294,"date":"2025-06-08T11:52:53","date_gmt":"2025-06-08T14:52:53","guid":{"rendered":"https:\/\/laserenaradio.cl\/web\/?p=16294"},"modified":"2025-06-08T11:52:53","modified_gmt":"2025-06-08T14:52:53","slug":"chile-vamos-evalua-apoyar-solicitud-para-destituir-a-claudio-orrego-como-gobernador-regional-de-santiago","status":"publish","type":"post","link":"https:\/\/laserenaradio.cl\/web\/2025\/06\/08\/chile-vamos-evalua-apoyar-solicitud-para-destituir-a-claudio-orrego-como-gobernador-regional-de-santiago\/","title":{"rendered":"Chile Vamos eval\u00faa apoyar solicitud para destituir a Claudio Orrego como gobernador regional de Santiago"},"content":{"rendered":"<p>Este mi\u00e9rcoles 11 de junio podr\u00eda ser un d\u00eda decisivo para el futuro de Claudio Orrego en la Gobernaci\u00f3n Metropolitana, a ra\u00edz de la solicitud de destituci\u00f3n que pretende presentar la bancada de consejeros regionales metropolitanos del Partido Republicano.<\/p>\n<p>Desde Chile Vamos se\u00f1alaron que se encuentran evaluando todas las acciones posibles frente al informe de Contralor\u00eda que detect\u00f3 eventuales irregularidades en el uso de recursos p\u00fablicos por parte del ex DC. <\/p>\n<p>Seg\u00fan indicaron desde la bancada de consejeros de Chile Vamos, actualmente est\u00e1n en conversaciones con abogados y expertos para analizar los antecedentes y definir si apoyar\u00e1n formalmente la iniciativa.<\/p>\n<p>Valeria Ponti, jefa de bancada de los CORES de Renovaci\u00f3n Nacional, inform\u00f3 que existe la posibilidad de &#8220;apoyar todas las acciones que sean necesarias, inclusive de ir al Tribunal Electoral Regional o al Tricel&#8221;.<\/p>\n<p>Para formalizar una denuncia ante el Tribunal Calificador de Elecciones, que busque la destituci\u00f3n del gobernador regional, se requieren tres cuartos del Consejo, por lo que Republicanos necesita una firma adicional de un consejero regional. Por este motivo, ha buscado apoyo en Chile Vamos con miras a reunir el respaldo necesario.<\/p>\n<p>\u00c1lvaro Bellolio, consejero regional de la UDI, no descart\u00f3 que se puedan unificar estos votos.<\/p>\n<p>La definici\u00f3n de Chile Vamos podr\u00eda conocerse este mi\u00e9rcoles, cuando se lleve a cabo el pleno del Consejo Regional Metropolitano. All\u00ed se espera que ambas bancadas aborden el tema de forma directa y transparente.<\/p>\n","protected":false},"excerpt":{"rendered":"<p>Este mi\u00e9rcoles 11 de junio podr\u00eda ser un d\u00eda decisivo para el futuro de Claudio Orrego en la Gobernaci\u00f3n Metropolitana, a ra\u00edz de la solicitud de destituci\u00f3n que pretende presentar la bancada de consejeros regionales metropolitanos del Partido Republicano. Desde Chile Vamos se\u00f1alaron que se encuentran evaluando todas las acciones posibles frente al informe de [&hellip;]<\/p>\n","protected":false},"author":2,"featured_media":16293,"comment_status":"closed","ping_status":"open","sticky":false,"template":"","format":"standard","meta":{"_jetpack_memberships_contains_paid_content":false,"jnews-multi-image_gallery":[],"jnews_single_post":[],"jnews_primary_category":[],"jnews_social_meta":[],"jnews_paywall_metabox":[],"jnews_review":[],"enable_review":"","type":"","name":"","summary":"","brand":"","sku":"","good":[],"bad":[],"score_override":"","override_value":"","rating":[],"price":[],"jnews_override_counter":[],"jnews_post_split":[],"footnotes":""},"categories":[83],"tags":[],"class_list":["post-16294","post","type-post","status-publish","format-standard","has-post-thumbnail","hentry","category-politica"],"jetpack_featured_media_url":"https:\/\/laserenaradio.cl\/web\/wp-content\/uploads\/2025\/06\/homepiaiextractoscrapimg_webpChileVamosregionalbancadaClaudioOrrego_1.webp","jetpack_sharing_enabled":true,"_links":{"self":[{"href":"https:\/\/laserenaradio.cl\/web\/wp-json\/wp\/v2\/posts\/16294","targetHints":{"allow":["GET"]}}],"collection":[{"href":"https:\/\/laserenaradio.cl\/web\/wp-json\/wp\/v2\/posts"}],"about":[{"href":"https:\/\/laserenaradio.cl\/web\/wp-json\/wp\/v2\/types\/post"}],"author":[{"embeddable":true,"href":"https:\/\/laserenaradio.cl\/web\/wp-json\/wp\/v2\/users\/2"}],"replies":[{"embeddable":true,"href":"https:\/\/laserenaradio.cl\/web\/wp-json\/wp\/v2\/comments?post=16294"}],"version-history":[{"count":1,"href":"https:\/\/laserenaradio.cl\/web\/wp-json\/wp\/v2\/posts\/16294\/revisions"}],"predecessor-version":[{"id":16295,"href":"https:\/\/laserenaradio.cl\/web\/wp-json\/wp\/v2\/posts\/16294\/revisions\/16295"}],"wp:featuredmedia":[{"embeddable":true,"href":"https:\/\/laserenaradio.cl\/web\/wp-json\/wp\/v2\/media\/16293"}],"wp:attachment":[{"href":"https:\/\/laserenaradio.cl\/web\/wp-json\/wp\/v2\/media?parent=16294"}],"wp:term":[{"taxonomy":"category","embeddable":true,"href":"https:\/\/laserenaradio.cl\/web\/wp-json\/wp\/v2\/categories?post=16294"},{"taxonomy":"post_tag","embeddable":true,"href":"https:\/\/laserenaradio.cl\/web\/wp-json\/wp\/v2\/tags?post=16294"}],"curies":[{"name":"wp","href":"https:\/\/api.w.org\/{rel}","templated":true}]}}