{"id":16285,"date":"2025-06-08T11:44:24","date_gmt":"2025-06-08T14:44:24","guid":{"rendered":"https:\/\/laserenaradio.cl\/web\/?p=16285"},"modified":"2025-06-08T11:44:24","modified_gmt":"2025-06-08T14:44:24","slug":"robo-a-equipo-de-campana-de-gonzalo-winter","status":"publish","type":"post","link":"https:\/\/laserenaradio.cl\/web\/2025\/06\/08\/robo-a-equipo-de-campana-de-gonzalo-winter\/","title":{"rendered":"Robo a equipo de campa\u00f1a de Gonzalo Winter"},"content":{"rendered":"<p>Gonzalo Winter, precandidato presidencial del Frente Amplio, denunci\u00f3 que durante su participaci\u00f3n en una campa\u00f1a en Valdivia, regi\u00f3n de Los R\u00edos, sus veh\u00edculos fueron robados. En el centro de la ciudad, espec\u00edficamente en la intersecci\u00f3n de Janequeo con Caupolic\u00e1n, los equipos utilizados en la campa\u00f1a desaparecieron.<\/p>\n<p>Tras una jornada productiva en Valdivia, Winter y su equipo se enteraron que las mochilas, c\u00e1maras fotogr\u00e1ficas y otros equipos de trabajo hab\u00edan sido hurtados. &#8220;Despu\u00e9s de una hermosa actividad en Valdivia, nos encontramos con una muy mala noticia: nuestros autos fueron forzados y desde su interior sustrajeron mochilas, equipos de trabajo y c\u00e1maras fotogr\u00e1ficas&#8221;, relat\u00f3.<\/p>\n<p>A trav\u00e9s de sus redes sociales, Winter solicit\u00f3 la ayuda de los valdivianos para recuperar lo que se les hab\u00eda robado. Entre las pertenencias desaparecidas figuran un Lente Rokinon de 12mm, un Lente Rokinon de 35mm, un estabilizador DJI Ronin RS2, micr\u00f3fonos DJI y una tablet Samsung Galaxy S6 Lite.<\/p>\n","protected":false},"excerpt":{"rendered":"<p>Gonzalo Winter, precandidato presidencial del Frente Amplio, denunci\u00f3 que durante su participaci\u00f3n en una campa\u00f1a en Valdivia, regi\u00f3n de Los R\u00edos, sus veh\u00edculos fueron robados. En el centro de la ciudad, espec\u00edficamente en la intersecci\u00f3n de Janequeo con Caupolic\u00e1n, los equipos utilizados en la campa\u00f1a desaparecieron. Tras una jornada productiva en Valdivia, Winter y su [&hellip;]<\/p>\n","protected":false},"author":2,"featured_media":16284,"comment_status":"closed","ping_status":"open","sticky":false,"template":"","format":"standard","meta":{"_jetpack_memberships_contains_paid_content":false,"jnews-multi-image_gallery":[],"jnews_single_post":[],"jnews_primary_category":[],"jnews_social_meta":[],"jnews_paywall_metabox":[],"jnews_review":[],"enable_review":"","type":"","name":"","summary":"","brand":"","sku":"","good":[],"bad":[],"score_override":"","override_value":"","rating":[],"price":[],"jnews_override_counter":[],"jnews_post_split":[],"footnotes":""},"categories":[83],"tags":[],"class_list":["post-16285","post","type-post","status-publish","format-standard","has-post-thumbnail","hentry","category-politica"],"jetpack_featured_media_url":"https:\/\/laserenaradio.cl\/web\/wp-content\/uploads\/2025\/06\/homepiaiextractoscrapimg_predeterminadalaserenaradio_nacional-10.webp","jetpack_sharing_enabled":true,"_links":{"self":[{"href":"https:\/\/laserenaradio.cl\/web\/wp-json\/wp\/v2\/posts\/16285","targetHints":{"allow":["GET"]}}],"collection":[{"href":"https:\/\/laserenaradio.cl\/web\/wp-json\/wp\/v2\/posts"}],"about":[{"href":"https:\/\/laserenaradio.cl\/web\/wp-json\/wp\/v2\/types\/post"}],"author":[{"embeddable":true,"href":"https:\/\/laserenaradio.cl\/web\/wp-json\/wp\/v2\/users\/2"}],"replies":[{"embeddable":true,"href":"https:\/\/laserenaradio.cl\/web\/wp-json\/wp\/v2\/comments?post=16285"}],"version-history":[{"count":1,"href":"https:\/\/laserenaradio.cl\/web\/wp-json\/wp\/v2\/posts\/16285\/revisions"}],"predecessor-version":[{"id":16286,"href":"https:\/\/laserenaradio.cl\/web\/wp-json\/wp\/v2\/posts\/16285\/revisions\/16286"}],"wp:featuredmedia":[{"embeddable":true,"href":"https:\/\/laserenaradio.cl\/web\/wp-json\/wp\/v2\/media\/16284"}],"wp:attachment":[{"href":"https:\/\/laserenaradio.cl\/web\/wp-json\/wp\/v2\/media?parent=16285"}],"wp:term":[{"taxonomy":"category","embeddable":true,"href":"https:\/\/laserenaradio.cl\/web\/wp-json\/wp\/v2\/categories?post=16285"},{"taxonomy":"post_tag","embeddable":true,"href":"https:\/\/laserenaradio.cl\/web\/wp-json\/wp\/v2\/tags?post=16285"}],"curies":[{"name":"wp","href":"https:\/\/api.w.org\/{rel}","templated":true}]}}