{"id":16167,"date":"2025-06-04T21:08:32","date_gmt":"2025-06-05T00:08:32","guid":{"rendered":"https:\/\/laserenaradio.cl\/web\/?p=16167"},"modified":"2025-06-04T21:08:32","modified_gmt":"2025-06-05T00:08:32","slug":"luis-cordero-alerta-sobre-violencia-escolar-y-riesgo-de-transformar-colegios-en-espacios-policiales","status":"publish","type":"post","link":"https:\/\/laserenaradio.cl\/web\/2025\/06\/04\/luis-cordero-alerta-sobre-violencia-escolar-y-riesgo-de-transformar-colegios-en-espacios-policiales\/","title":{"rendered":"Luis Cordero alerta sobre violencia escolar y riesgo de &#8220;transformar&#8221; colegios en espacios policiales."},"content":{"rendered":"<p>El ministro de Seguridad P\u00fablica, Luis Cordero, abord\u00f3 recientemente la violencia en establecimientos educacionales, una preocupaci\u00f3n creciente para la ciudadan\u00eda. En las \u00faltimas semanas, distintos hechos alarmantes han tomado la atenci\u00f3n nacional, como la balacera ocurrida en un colegio de San Pedro de la Paz, donde resultaron heridos tres estudiantes. Adem\u00e1s, se han registrado ri\u00f1as entre escolares tanto dentro como fuera de los recintos educativos.<\/p>\n<p>Seg\u00fan Cordero, el problema no es solo una cuesti\u00f3n de seguridad p\u00fablica sino que involucra elementos significativos de convivencia escolar y gesti\u00f3n de conflictos. &#8220;Hay que ser muy cuidadosos en sustituir al inspector general por un vigilante o guardia adentro del establecimiento&#8221;, enfatiz\u00f3 el secretario de Estado.<\/p>\n<p>Cordero se\u00f1ala que con polic\u00edas y fiscales no se resolver\u00e1n estos conflictos, lo que sugiere la necesidad de una estrategia diferente. &#8220;La discusi\u00f3n est\u00e1 abierta, pero la pregunta es \u00bfa qu\u00e9 es \u00fatil una estrategia de esas caracter\u00edsticas?&#8221;, cuestion\u00f3 el ministro.<\/p>\n<p>Aunque estos hechos de violencia son preocupantes, Cordero ve en ellos un llamado a la acci\u00f3n y la reflexi\u00f3n. &#8220;Estos hechos de violencia son una advertencia muy significativa respecto del cual no hay que darse por vencido&#8221;, manifest\u00f3. Adem\u00e1s, alert\u00f3 contra la idea de transformar los colegios en espacios policiales o convertir a inspectores en vigilantes.<\/p>\n<p>Finalmente, Cordero llam\u00f3 a los candidatos y candidatas presidenciales a abordar el tema del Estado de seguridad con perspectiva hist\u00f3rica, asegurando que &#8220;el Estado est\u00e1 a cargo&#8221; sin importar qui\u00e9n gobierna.<\/p>\n","protected":false},"excerpt":{"rendered":"<p>El ministro de Seguridad P\u00fablica, Luis Cordero, abord\u00f3 recientemente la violencia en establecimientos educacionales, una preocupaci\u00f3n creciente para la ciudadan\u00eda. En las \u00faltimas semanas, distintos hechos alarmantes han tomado la atenci\u00f3n nacional, como la balacera ocurrida en un colegio de San Pedro de la Paz, donde resultaron heridos tres estudiantes. Adem\u00e1s, se han registrado ri\u00f1as [&hellip;]<\/p>\n","protected":false},"author":2,"featured_media":16166,"comment_status":"closed","ping_status":"open","sticky":false,"template":"","format":"standard","meta":{"_jetpack_memberships_contains_paid_content":false,"jnews-multi-image_gallery":[],"jnews_single_post":[],"jnews_primary_category":[],"jnews_social_meta":[],"jnews_paywall_metabox":[],"jnews_review":[],"enable_review":"","type":"","name":"","summary":"","brand":"","sku":"","good":[],"bad":[],"score_override":"","override_value":"","rating":[],"price":[],"jnews_override_counter":[],"jnews_post_split":[],"footnotes":""},"categories":[83],"tags":[],"class_list":["post-16167","post","type-post","status-publish","format-standard","has-post-thumbnail","hentry","category-politica"],"jetpack_featured_media_url":"https:\/\/laserenaradio.cl\/web\/wp-content\/uploads\/2025\/06\/homepiaiextractoscrapimg_webpviolenciaCorderohechosEstado_0.webp","jetpack_sharing_enabled":true,"_links":{"self":[{"href":"https:\/\/laserenaradio.cl\/web\/wp-json\/wp\/v2\/posts\/16167","targetHints":{"allow":["GET"]}}],"collection":[{"href":"https:\/\/laserenaradio.cl\/web\/wp-json\/wp\/v2\/posts"}],"about":[{"href":"https:\/\/laserenaradio.cl\/web\/wp-json\/wp\/v2\/types\/post"}],"author":[{"embeddable":true,"href":"https:\/\/laserenaradio.cl\/web\/wp-json\/wp\/v2\/users\/2"}],"replies":[{"embeddable":true,"href":"https:\/\/laserenaradio.cl\/web\/wp-json\/wp\/v2\/comments?post=16167"}],"version-history":[{"count":1,"href":"https:\/\/laserenaradio.cl\/web\/wp-json\/wp\/v2\/posts\/16167\/revisions"}],"predecessor-version":[{"id":16168,"href":"https:\/\/laserenaradio.cl\/web\/wp-json\/wp\/v2\/posts\/16167\/revisions\/16168"}],"wp:featuredmedia":[{"embeddable":true,"href":"https:\/\/laserenaradio.cl\/web\/wp-json\/wp\/v2\/media\/16166"}],"wp:attachment":[{"href":"https:\/\/laserenaradio.cl\/web\/wp-json\/wp\/v2\/media?parent=16167"}],"wp:term":[{"taxonomy":"category","embeddable":true,"href":"https:\/\/laserenaradio.cl\/web\/wp-json\/wp\/v2\/categories?post=16167"},{"taxonomy":"post_tag","embeddable":true,"href":"https:\/\/laserenaradio.cl\/web\/wp-json\/wp\/v2\/tags?post=16167"}],"curies":[{"name":"wp","href":"https:\/\/api.w.org\/{rel}","templated":true}]}}