{"id":16164,"date":"2025-06-04T21:05:57","date_gmt":"2025-06-05T00:05:57","guid":{"rendered":"https:\/\/laserenaradio.cl\/web\/?p=16164"},"modified":"2025-06-04T21:05:57","modified_gmt":"2025-06-05T00:05:57","slug":"rn-presenta-proyecto-para-fortalecer-facultades-de-la-contraloria","status":"publish","type":"post","link":"https:\/\/laserenaradio.cl\/web\/2025\/06\/04\/rn-presenta-proyecto-para-fortalecer-facultades-de-la-contraloria\/","title":{"rendered":"RN presenta proyecto para fortalecer facultades de la Contralor\u00eda."},"content":{"rendered":"<p>El pasado lunes, un grupo de diputados de Renovaci\u00f3n Nacional (RN) se reuni\u00f3 con la contralora Dorothy P\u00e9rez en el marco del esc\u00e1ndalo por el fraude de licencias m\u00e9dicas. Luego que se conociera el informe de la Comisi\u00f3n Investigadora del caso ProCultura, aprobado ayer martes, los diputados convencieron de la necesidad de otorgarle mayores facultades fiscalizadoras al organismo contralor.<\/p>\n<p>Es por ello que este mi\u00e9rcoles, la bancada ingres\u00f3 a tr\u00e1mite un proyecto para aumentar las facultades de fiscalizaci\u00f3n y sanci\u00f3n de la Contralor\u00eda. Este proyecto asume propuestas de la propia contralora en sus participaciones en distintas instancias del Congreso.<\/p>\n<p>Se trata de una iniciativa que busca &#8220;fortalecer las atribuciones del \u00f3rgano de fiscalizaci\u00f3n y control en la administraci\u00f3n del Estado&#8221;. Entre otras cosas, proponen que la Contralor\u00eda General de la Rep\u00fablica tenga \u201cacceso efectivo y oportuno a informaci\u00f3n financiera y bancaria de los organismos del cual posee control\u201d. Esto permitir\u00eda contrastar adecuadamente los datos declarados por funcionarios p\u00fablicos.<\/p>\n<p>Seg\u00fan los diputados patrocinadores, este cambio le permitir\u00eda enfrentar con mayor eficacia y contundencia pr\u00e1cticas irregulares. Asegurando la disponibilidad inmediata y precisa de informaci\u00f3n clave para la detecci\u00f3n y sanci\u00f3n de il\u00edcitos o infracciones administrativas, como ocurre en el caso de las licencias m\u00e9dicas.<\/p>\n<p>La iniciativa tambi\u00e9n busca ampliar las facultades de la Contralor\u00eda \u201cpara solicitar bases de datos e informaci\u00f3n bancaria directamente a las entidades financieras\u201d. Esto permitir\u00eda tener certezas respecto de los movimientos financieros detectando posibles irregularidades. Adem\u00e1s, el proyecto ampl\u00eda la facultad sancionadora de la Contralor\u00eda, permiti\u00e9ndole imponer directamente medidas disciplinarias en forma de multas y suspensi\u00f3n de funciones, sin goce de remuneraciones.<\/p>\n<p>En el caso de alcaldes y gobernadores, la iniciativa propone aplicar sanciones directas y requerir al Tribunal Electoral Regional la declaraci\u00f3n de responsabilidades. Esto fortalecer\u00eda la independencia y eficacia del procedimiento sancionador, permitiendo que conductas que atentan contra la probidad se puedan sancionar a pesar de eventuales consideraciones de orden pol\u00edtico.<\/p>\n<p>En un aspecto administrativo, la iniciativa tambi\u00e9n busca \u201cmodernizar el procedimiento sumarial, permitiendo que estos procesos se realicen preferentemente mediante medios electr\u00f3nicos y digitales\u201d. Esto garantizar\u00eda rapidez, eficacia y transparencia en los procedimientos administrativos que dirige el \u00f3rgano contralor.<\/p>\n<p>En la presentaci\u00f3n del proyecto, diputados de la bancada plantearon la necesidad \u201curgente y pr\u00e1ctica de dotar a la Contralor\u00eda General de la Rep\u00fablica de herramientas m\u00e1s robustas y efectivas para enfrentar la corrupci\u00f3n\u201d. Considerando los graves casos de corrupci\u00f3n que han surgido en los \u00faltimos a\u00f1os, estiman que el organismo debe ser dotado de mayores recursos y personal. Adem\u00e1s, de herramientas jur\u00eddicas y normativas que le permitan fiscalizar y sancionar de manera adecuada.<\/p>\n","protected":false},"excerpt":{"rendered":"<p>El pasado lunes, un grupo de diputados de Renovaci\u00f3n Nacional (RN) se reuni\u00f3 con la contralora Dorothy P\u00e9rez en el marco del esc\u00e1ndalo por el fraude de licencias m\u00e9dicas. Luego que se conociera el informe de la Comisi\u00f3n Investigadora del caso ProCultura, aprobado ayer martes, los diputados convencieron de la necesidad de otorgarle mayores facultades [&hellip;]<\/p>\n","protected":false},"author":2,"featured_media":16163,"comment_status":"closed","ping_status":"open","sticky":false,"template":"","format":"standard","meta":{"_jetpack_memberships_contains_paid_content":false,"jnews-multi-image_gallery":[],"jnews_single_post":[],"jnews_primary_category":[],"jnews_social_meta":[],"jnews_paywall_metabox":[],"jnews_review":[],"enable_review":"","type":"","name":"","summary":"","brand":"","sku":"","good":[],"bad":[],"score_override":"","override_value":"","rating":[],"price":[],"jnews_override_counter":[],"jnews_post_split":[],"footnotes":""},"categories":[83],"tags":[],"class_list":["post-16164","post","type-post","status-publish","format-standard","has-post-thumbnail","hentry","category-politica"],"jetpack_featured_media_url":"https:\/\/laserenaradio.cl\/web\/wp-content\/uploads\/2025\/06\/homepiaiextractoscrapimg_webpRNContraloria_0.webp","jetpack_sharing_enabled":true,"_links":{"self":[{"href":"https:\/\/laserenaradio.cl\/web\/wp-json\/wp\/v2\/posts\/16164","targetHints":{"allow":["GET"]}}],"collection":[{"href":"https:\/\/laserenaradio.cl\/web\/wp-json\/wp\/v2\/posts"}],"about":[{"href":"https:\/\/laserenaradio.cl\/web\/wp-json\/wp\/v2\/types\/post"}],"author":[{"embeddable":true,"href":"https:\/\/laserenaradio.cl\/web\/wp-json\/wp\/v2\/users\/2"}],"replies":[{"embeddable":true,"href":"https:\/\/laserenaradio.cl\/web\/wp-json\/wp\/v2\/comments?post=16164"}],"version-history":[{"count":1,"href":"https:\/\/laserenaradio.cl\/web\/wp-json\/wp\/v2\/posts\/16164\/revisions"}],"predecessor-version":[{"id":16165,"href":"https:\/\/laserenaradio.cl\/web\/wp-json\/wp\/v2\/posts\/16164\/revisions\/16165"}],"wp:featuredmedia":[{"embeddable":true,"href":"https:\/\/laserenaradio.cl\/web\/wp-json\/wp\/v2\/media\/16163"}],"wp:attachment":[{"href":"https:\/\/laserenaradio.cl\/web\/wp-json\/wp\/v2\/media?parent=16164"}],"wp:term":[{"taxonomy":"category","embeddable":true,"href":"https:\/\/laserenaradio.cl\/web\/wp-json\/wp\/v2\/categories?post=16164"},{"taxonomy":"post_tag","embeddable":true,"href":"https:\/\/laserenaradio.cl\/web\/wp-json\/wp\/v2\/tags?post=16164"}],"curies":[{"name":"wp","href":"https:\/\/api.w.org\/{rel}","templated":true}]}}