{"id":16161,"date":"2025-06-04T16:34:54","date_gmt":"2025-06-04T19:34:54","guid":{"rendered":"https:\/\/laserenaradio.cl\/web\/?p=16161"},"modified":"2025-06-04T16:34:54","modified_gmt":"2025-06-04T19:34:54","slug":"jeannette-jara-critica-a-evelyn-matthei-por-falta-de-respeto","status":"publish","type":"post","link":"https:\/\/laserenaradio.cl\/web\/2025\/06\/04\/jeannette-jara-critica-a-evelyn-matthei-por-falta-de-respeto\/","title":{"rendered":"Jeannette Jara critica a Evelyn Matthei por falta de respeto."},"content":{"rendered":"<p>Jeannette Jara, candidata del Partido Comunista (PC), critic\u00f3 fuertemente a Evelyn Matthei, candidata de Chile Vamos, durante el debate. Jara afirm\u00f3 que Matthei &#8220;se pas\u00f3 de la raya&#8221; al silenciar a Ais\u00e9n Etcheverry, vocera de gobierno. La exalcaldesa de Providencia sostuvo que Etcheverry deber\u00eda dedicarse a la ciencia en lugar de ser vocera, acus\u00e1ndola de realizar un mal desempe\u00f1o en el cargo.<\/p>\n<p>Consultada sobre si estos comentarios representaban una falta de respeto, Jara respondi\u00f3 afirmativamente: &#8220;S\u00ed, completa&#8221;. Record\u00f3 incidentes anteriores donde Matthei hab\u00eda agredido verbalmente a parlamentarios y periodistas. La candidata del PC a\u00f1adi\u00f3 que ve en Matthei un nerviosismo innecesario.<\/p>\n<p>Jara advirti\u00f3 sobre el aumento de la tensi\u00f3n en el proceso electoral, se\u00f1alando: &#8220;Creo que mejor me voy a preocupar de lo que yo pueda hacer, porque veo alrededor y veo mucho nerviosismo. Tranquilos, si la democracia es as\u00ed, pero hay que quedarse con respeto&#8221;.<\/p>\n","protected":false},"excerpt":{"rendered":"<p>Jeannette Jara, candidata del Partido Comunista (PC), critic\u00f3 fuertemente a Evelyn Matthei, candidata de Chile Vamos, durante el debate. Jara afirm\u00f3 que Matthei &#8220;se pas\u00f3 de la raya&#8221; al silenciar a Ais\u00e9n Etcheverry, vocera de gobierno. La exalcaldesa de Providencia sostuvo que Etcheverry deber\u00eda dedicarse a la ciencia en lugar de ser vocera, acus\u00e1ndola de [&hellip;]<\/p>\n","protected":false},"author":2,"featured_media":16160,"comment_status":"closed","ping_status":"open","sticky":false,"template":"","format":"standard","meta":{"_jetpack_memberships_contains_paid_content":false,"jnews-multi-image_gallery":[],"jnews_single_post":[],"jnews_primary_category":[],"jnews_social_meta":[],"jnews_paywall_metabox":[],"jnews_review":[],"enable_review":"","type":"","name":"","summary":"","brand":"","sku":"","good":[],"bad":[],"score_override":"","override_value":"","rating":[],"price":[],"jnews_override_counter":[],"jnews_post_split":[],"footnotes":""},"categories":[83],"tags":[],"class_list":["post-16161","post","type-post","status-publish","format-standard","has-post-thumbnail","hentry","category-politica"],"jetpack_featured_media_url":"https:\/\/laserenaradio.cl\/web\/wp-content\/uploads\/2025\/06\/homepiaiextractoscrapimg_webpcandidatavoceraJaraMatthei_0.webp","jetpack_sharing_enabled":true,"_links":{"self":[{"href":"https:\/\/laserenaradio.cl\/web\/wp-json\/wp\/v2\/posts\/16161","targetHints":{"allow":["GET"]}}],"collection":[{"href":"https:\/\/laserenaradio.cl\/web\/wp-json\/wp\/v2\/posts"}],"about":[{"href":"https:\/\/laserenaradio.cl\/web\/wp-json\/wp\/v2\/types\/post"}],"author":[{"embeddable":true,"href":"https:\/\/laserenaradio.cl\/web\/wp-json\/wp\/v2\/users\/2"}],"replies":[{"embeddable":true,"href":"https:\/\/laserenaradio.cl\/web\/wp-json\/wp\/v2\/comments?post=16161"}],"version-history":[{"count":1,"href":"https:\/\/laserenaradio.cl\/web\/wp-json\/wp\/v2\/posts\/16161\/revisions"}],"predecessor-version":[{"id":16162,"href":"https:\/\/laserenaradio.cl\/web\/wp-json\/wp\/v2\/posts\/16161\/revisions\/16162"}],"wp:featuredmedia":[{"embeddable":true,"href":"https:\/\/laserenaradio.cl\/web\/wp-json\/wp\/v2\/media\/16160"}],"wp:attachment":[{"href":"https:\/\/laserenaradio.cl\/web\/wp-json\/wp\/v2\/media?parent=16161"}],"wp:term":[{"taxonomy":"category","embeddable":true,"href":"https:\/\/laserenaradio.cl\/web\/wp-json\/wp\/v2\/categories?post=16161"},{"taxonomy":"post_tag","embeddable":true,"href":"https:\/\/laserenaradio.cl\/web\/wp-json\/wp\/v2\/tags?post=16161"}],"curies":[{"name":"wp","href":"https:\/\/api.w.org\/{rel}","templated":true}]}}