{"id":16155,"date":"2025-06-04T15:25:36","date_gmt":"2025-06-04T18:25:36","guid":{"rendered":"https:\/\/laserenaradio.cl\/web\/?p=16155"},"modified":"2025-06-04T15:25:36","modified_gmt":"2025-06-04T18:25:36","slug":"boric-rechaza-especulaciones-sobre-nacimiento-de-su-hija","status":"publish","type":"post","link":"https:\/\/laserenaradio.cl\/web\/2025\/06\/04\/boric-rechaza-especulaciones-sobre-nacimiento-de-su-hija\/","title":{"rendered":"Boric rechaza especulaciones sobre nacimiento de su hija."},"content":{"rendered":"<p>Este mi\u00e9rcoles, el Presidente Gabriel Boric desliz\u00f3 una iron\u00eda por las &#8220;especulaciones&#8221; realizadas por medios respecto a c\u00f3mo se prepara el hospital donde nacer\u00eda su hija, a 38 semanas del embarazo de su pareja, la qu\u00edmica ambiental Paula Carrasco.<\/p>\n<p>En la inauguraci\u00f3n de un nuevo complejo de la <a href=\"https:\/\/www.pdichile.cl\/\">PDI<\/a> en Los Andes, el mandatario parti\u00f3 agradeciendo por los &#8220;buenos deseos&#8221; que le manifestaron en la instancia, bromeando: &#8220;Espero que no sea en este momento (el nacimiento) porque, sino, ah\u00ed s\u00ed que me enojar\u00eda para siempre con Los Andes&#8221;.<\/p>\n<p>Tras ello, apunt\u00f3 contra medios que informaron los preparativos que estar\u00edan realizando el Hospital Cl\u00ednico de la Universidad de Chile a ra\u00edz de la pronta llegada de &#8220;Violeta&#8221;, se\u00f1alando que sinti\u00f3 &#8220;una mezcla entre risa y molestia&#8221;. <\/p>\n<p>Los medios empiezan a especular respecto a esto, de d\u00f3nde van a ser Violeta, y dec\u00eda: &#8216;El hospital se prepara con especialistas para recibir a la guagua&#8217;. No, si la iba a atender un ingeniero comercial seguramente\u2026 como si fuera un privilegio que vaya a haber una matrona&#8221;, cuestion\u00f3.<\/p>\n<p>&#8220;Nos vamos a atender en hospital p\u00fablico y no me cabe ninguna duda que los trabajadores de la salud van a hacer su pega como con cualquier mujer mujer de Chile. Sin ning\u00fan tipo de privilegio&#8221;, agreg\u00f3.<\/p>\n<p>As\u00ed, el jefe de Estado descart\u00f3 un trato especial hacia \u00e9l y su pareja, criticando lo publicado respecto al hospital tambi\u00e9n conocido como &#8220;Jota Aguirre&#8221;.<\/p>\n","protected":false},"excerpt":{"rendered":"<p>Este mi\u00e9rcoles, el Presidente Gabriel Boric desliz\u00f3 una iron\u00eda por las &#8220;especulaciones&#8221; realizadas por medios respecto a c\u00f3mo se prepara el hospital donde nacer\u00eda su hija, a 38 semanas del embarazo de su pareja, la qu\u00edmica ambiental Paula Carrasco. En la inauguraci\u00f3n de un nuevo complejo de la PDI en Los Andes, el mandatario parti\u00f3 [&hellip;]<\/p>\n","protected":false},"author":2,"featured_media":16154,"comment_status":"closed","ping_status":"open","sticky":false,"template":"","format":"standard","meta":{"_jetpack_memberships_contains_paid_content":false,"jnews-multi-image_gallery":[],"jnews_single_post":[],"jnews_primary_category":[],"jnews_social_meta":[],"jnews_paywall_metabox":[],"jnews_review":[],"enable_review":"","type":"","name":"","summary":"","brand":"","sku":"","good":[],"bad":[],"score_override":"","override_value":"","rating":[],"price":[],"jnews_override_counter":[],"jnews_post_split":[],"footnotes":""},"categories":[83],"tags":[],"class_list":["post-16155","post","type-post","status-publish","format-standard","has-post-thumbnail","hentry","category-politica"],"jetpack_featured_media_url":"https:\/\/laserenaradio.cl\/web\/wp-content\/uploads\/2025\/06\/homepiaiextractoscrapimg_webpBorichospital_1.webp","jetpack_sharing_enabled":true,"_links":{"self":[{"href":"https:\/\/laserenaradio.cl\/web\/wp-json\/wp\/v2\/posts\/16155","targetHints":{"allow":["GET"]}}],"collection":[{"href":"https:\/\/laserenaradio.cl\/web\/wp-json\/wp\/v2\/posts"}],"about":[{"href":"https:\/\/laserenaradio.cl\/web\/wp-json\/wp\/v2\/types\/post"}],"author":[{"embeddable":true,"href":"https:\/\/laserenaradio.cl\/web\/wp-json\/wp\/v2\/users\/2"}],"replies":[{"embeddable":true,"href":"https:\/\/laserenaradio.cl\/web\/wp-json\/wp\/v2\/comments?post=16155"}],"version-history":[{"count":1,"href":"https:\/\/laserenaradio.cl\/web\/wp-json\/wp\/v2\/posts\/16155\/revisions"}],"predecessor-version":[{"id":16156,"href":"https:\/\/laserenaradio.cl\/web\/wp-json\/wp\/v2\/posts\/16155\/revisions\/16156"}],"wp:featuredmedia":[{"embeddable":true,"href":"https:\/\/laserenaradio.cl\/web\/wp-json\/wp\/v2\/media\/16154"}],"wp:attachment":[{"href":"https:\/\/laserenaradio.cl\/web\/wp-json\/wp\/v2\/media?parent=16155"}],"wp:term":[{"taxonomy":"category","embeddable":true,"href":"https:\/\/laserenaradio.cl\/web\/wp-json\/wp\/v2\/categories?post=16155"},{"taxonomy":"post_tag","embeddable":true,"href":"https:\/\/laserenaradio.cl\/web\/wp-json\/wp\/v2\/tags?post=16155"}],"curies":[{"name":"wp","href":"https:\/\/api.w.org\/{rel}","templated":true}]}}