{"id":16152,"date":"2025-06-04T15:23:45","date_gmt":"2025-06-04T18:23:45","guid":{"rendered":"https:\/\/laserenaradio.cl\/web\/?p=16152"},"modified":"2025-06-04T15:23:45","modified_gmt":"2025-06-04T18:23:45","slug":"ministra-de-salud-de-chile-no-descarta-aplicar-urgencia-al-proyecto-de-aborto-legal","status":"publish","type":"post","link":"https:\/\/laserenaradio.cl\/web\/2025\/06\/04\/ministra-de-salud-de-chile-no-descarta-aplicar-urgencia-al-proyecto-de-aborto-legal\/","title":{"rendered":"Ministra de Salud de Chile no descarta aplicar urgencia al proyecto de aborto legal."},"content":{"rendered":"<p>La ministra de Salud, Ximena Aguilera, considera la posibilidad de aplicar urgencia al pol\u00e9mico proyecto de aborto legal ingresado recientemente a la C\u00e1mara Baja. Este debate legislativo ha generado un amplio inter\u00e9s y controversia.<\/p>\n<p>Luego que el gobierno formalizara la iniciativa para despenalizar el aborto sin causales, comienza una nueva etapa en el Congreso chileno, con dudas sobre si se otorgar\u00e1 urgencia al tr\u00e1mite.<\/p>\n<p>El proyecto detalla las realidades de los abortos clandestinos y la dif\u00edcil situaci\u00f3n de muchas mujeres que optan por este camino. Contiene 22 p\u00e1ginas y ha causado un debate intenso entre los legisladores.<\/p>\n<p>Aguilera indic\u00f3 que la urgencia se eval\u00faa semana a semana, pero probablemente se implementar\u00e1 r\u00e1pidamente: &#8220;Como primer hecho relevante es que haya ingresado y el tema de las urgencias se va viendo semana a semana. Probablemente se le vaya a ingresar alguna urgencia despu\u00e9s de toda esta discusi\u00f3n.&#8221;<\/p>\n<p>Natalia Gonz\u00e1lez, directora de la Comisi\u00f3n de Derechos Sexuales y Reproductivos de la Asociaci\u00f3n de Abogadas Feministas, llama a desdramatizar los tiempos de la discusi\u00f3n, considerando que a\u00fan es un tema incipiente.<\/p>\n<p>Laura Bartolotti, abogada de Corporaci\u00f3n Humanas, espera que los parlamentarios pongan el proyecto en tabla de inmediato para avanzar con su tramitaci\u00f3n.<\/p>\n<p>El <a href=\"http:\/\/www.minsal.cl\/\">Ministerio de Salud<\/a> revel\u00f3 las cifras de interrupciones voluntarias del embarazo desde 2018. Hasta marzo de 2025, un total de 6 mil 249 mujeres recurrieron a la ley; el 85%, o 5 mil 324, decidieron someterse al aborto.<\/p>\n<p>Al desagregar por causales, se observa que mil 568 mujeres interrumpieron su embarazo por riesgo de vida para la mujer, 2 mil 309 por malformaci\u00f3n fetal inviable y mil 447 en casos de violaci\u00f3n.<\/p>\n","protected":false},"excerpt":{"rendered":"<p>La ministra de Salud, Ximena Aguilera, considera la posibilidad de aplicar urgencia al pol\u00e9mico proyecto de aborto legal ingresado recientemente a la C\u00e1mara Baja. Este debate legislativo ha generado un amplio inter\u00e9s y controversia. Luego que el gobierno formalizara la iniciativa para despenalizar el aborto sin causales, comienza una nueva etapa en el Congreso chileno, [&hellip;]<\/p>\n","protected":false},"author":2,"featured_media":16151,"comment_status":"closed","ping_status":"open","sticky":false,"template":"","format":"standard","meta":{"_jetpack_memberships_contains_paid_content":false,"jnews-multi-image_gallery":[],"jnews_single_post":[],"jnews_primary_category":[],"jnews_social_meta":[],"jnews_paywall_metabox":[],"jnews_review":[],"enable_review":"","type":"","name":"","summary":"","brand":"","sku":"","good":[],"bad":[],"score_override":"","override_value":"","rating":[],"price":[],"jnews_override_counter":[],"jnews_post_split":[],"footnotes":""},"categories":[83],"tags":[],"class_list":["post-16152","post","type-post","status-publish","format-standard","has-post-thumbnail","hentry","category-politica"],"jetpack_featured_media_url":"https:\/\/laserenaradio.cl\/web\/wp-content\/uploads\/2025\/06\/homepiaiextractoscrapimg_webpurgenciamilproyectoaborto_1.webp","jetpack_sharing_enabled":true,"_links":{"self":[{"href":"https:\/\/laserenaradio.cl\/web\/wp-json\/wp\/v2\/posts\/16152","targetHints":{"allow":["GET"]}}],"collection":[{"href":"https:\/\/laserenaradio.cl\/web\/wp-json\/wp\/v2\/posts"}],"about":[{"href":"https:\/\/laserenaradio.cl\/web\/wp-json\/wp\/v2\/types\/post"}],"author":[{"embeddable":true,"href":"https:\/\/laserenaradio.cl\/web\/wp-json\/wp\/v2\/users\/2"}],"replies":[{"embeddable":true,"href":"https:\/\/laserenaradio.cl\/web\/wp-json\/wp\/v2\/comments?post=16152"}],"version-history":[{"count":1,"href":"https:\/\/laserenaradio.cl\/web\/wp-json\/wp\/v2\/posts\/16152\/revisions"}],"predecessor-version":[{"id":16153,"href":"https:\/\/laserenaradio.cl\/web\/wp-json\/wp\/v2\/posts\/16152\/revisions\/16153"}],"wp:featuredmedia":[{"embeddable":true,"href":"https:\/\/laserenaradio.cl\/web\/wp-json\/wp\/v2\/media\/16151"}],"wp:attachment":[{"href":"https:\/\/laserenaradio.cl\/web\/wp-json\/wp\/v2\/media?parent=16152"}],"wp:term":[{"taxonomy":"category","embeddable":true,"href":"https:\/\/laserenaradio.cl\/web\/wp-json\/wp\/v2\/categories?post=16152"},{"taxonomy":"post_tag","embeddable":true,"href":"https:\/\/laserenaradio.cl\/web\/wp-json\/wp\/v2\/tags?post=16152"}],"curies":[{"name":"wp","href":"https:\/\/api.w.org\/{rel}","templated":true}]}}