{"id":16146,"date":"2025-06-04T13:44:31","date_gmt":"2025-06-04T16:44:31","guid":{"rendered":"https:\/\/laserenaradio.cl\/web\/?p=16146"},"modified":"2025-06-04T13:44:31","modified_gmt":"2025-06-04T16:44:31","slug":"gonzalo-winter-ataca-a-disidentes-de-la-concertacion-por-ser-quienes-se-fueron-a-la-derecha","status":"publish","type":"post","link":"https:\/\/laserenaradio.cl\/web\/2025\/06\/04\/gonzalo-winter-ataca-a-disidentes-de-la-concertacion-por-ser-quienes-se-fueron-a-la-derecha\/","title":{"rendered":"Gonzalo Winter ataca a disidentes de la Concertaci\u00f3n por ser &#8220;quienes se fueron a la derecha&#8221;."},"content":{"rendered":"<p>Gonzalo Winter, precandidato presidencial del Frente Amplio, destac\u00f3 que Carolina Toh\u00e1, candidata del Socialismo Democr\u00e1tico, &#8220;deber\u00eda ser m\u00e1s natural&#8221; gobernar con la actual alianza en lugar de aquella que incluye a los disidentes de la Concertaci\u00f3n. <\/p>\n<p>En una conversaci\u00f3n con radio UChile, Winter analiz\u00f3 el discurso de Toh\u00e1, se\u00f1alando que manifiesta &#8220;una cierta nostalgia de los a\u00f1os 90&#8221;. Por su parte, Winter sostuvo que &#8220;no hay que quedarse a mitad de camino&#8221;, sino avanzar hacia los cambios necesarios para Chile. Subray\u00f3 la importancia de una educaci\u00f3n t\u00e9cnica y profesional orientada al futuro, incluyendo inteligencia artificial y agricultura tecnol\u00f3gica.<\/p>\n<p>El diputado record\u00f3 el nacimiento del Frente Amplio y mencion\u00f3 que las cr\u00edticas a la Concertaci\u00f3n ya estaban presentes en el sector &#8220;m\u00e1s cercano a Carolina Toh\u00e1&#8221;. Por lo tanto, Winter sugiri\u00f3 que ella deber\u00eda considerar gobernar con ellos de manera m\u00e1s natural. <\/p>\n<p>Finalmente, Winter critic\u00f3 el periodo de la Concertaci\u00f3n, se\u00f1alando que en algunos pasillos se colaron intereses empresariales y hubo &#8220;autocomplacencia&#8221; al confundirlos con los del bien p\u00fablico.<\/p>\n","protected":false},"excerpt":{"rendered":"<p>Gonzalo Winter, precandidato presidencial del Frente Amplio, destac\u00f3 que Carolina Toh\u00e1, candidata del Socialismo Democr\u00e1tico, &#8220;deber\u00eda ser m\u00e1s natural&#8221; gobernar con la actual alianza en lugar de aquella que incluye a los disidentes de la Concertaci\u00f3n. En una conversaci\u00f3n con radio UChile, Winter analiz\u00f3 el discurso de Toh\u00e1, se\u00f1alando que manifiesta &#8220;una cierta nostalgia de [&hellip;]<\/p>\n","protected":false},"author":2,"featured_media":16145,"comment_status":"closed","ping_status":"open","sticky":false,"template":"","format":"standard","meta":{"_jetpack_memberships_contains_paid_content":false,"jnews-multi-image_gallery":[],"jnews_single_post":[],"jnews_primary_category":[],"jnews_social_meta":[],"jnews_paywall_metabox":[],"jnews_review":[],"enable_review":"","type":"","name":"","summary":"","brand":"","sku":"","good":[],"bad":[],"score_override":"","override_value":"","rating":[],"price":[],"jnews_override_counter":[],"jnews_post_split":[],"footnotes":""},"categories":[83],"tags":[],"class_list":["post-16146","post","type-post","status-publish","format-standard","has-post-thumbnail","hentry","category-politica"],"jetpack_featured_media_url":"https:\/\/laserenaradio.cl\/web\/wp-content\/uploads\/2025\/06\/homepiaiextractoscrapimg_webpWinterGonzaloWinterFrenteAmplioCarolina_0.webp","jetpack_sharing_enabled":true,"_links":{"self":[{"href":"https:\/\/laserenaradio.cl\/web\/wp-json\/wp\/v2\/posts\/16146","targetHints":{"allow":["GET"]}}],"collection":[{"href":"https:\/\/laserenaradio.cl\/web\/wp-json\/wp\/v2\/posts"}],"about":[{"href":"https:\/\/laserenaradio.cl\/web\/wp-json\/wp\/v2\/types\/post"}],"author":[{"embeddable":true,"href":"https:\/\/laserenaradio.cl\/web\/wp-json\/wp\/v2\/users\/2"}],"replies":[{"embeddable":true,"href":"https:\/\/laserenaradio.cl\/web\/wp-json\/wp\/v2\/comments?post=16146"}],"version-history":[{"count":1,"href":"https:\/\/laserenaradio.cl\/web\/wp-json\/wp\/v2\/posts\/16146\/revisions"}],"predecessor-version":[{"id":16147,"href":"https:\/\/laserenaradio.cl\/web\/wp-json\/wp\/v2\/posts\/16146\/revisions\/16147"}],"wp:featuredmedia":[{"embeddable":true,"href":"https:\/\/laserenaradio.cl\/web\/wp-json\/wp\/v2\/media\/16145"}],"wp:attachment":[{"href":"https:\/\/laserenaradio.cl\/web\/wp-json\/wp\/v2\/media?parent=16146"}],"wp:term":[{"taxonomy":"category","embeddable":true,"href":"https:\/\/laserenaradio.cl\/web\/wp-json\/wp\/v2\/categories?post=16146"},{"taxonomy":"post_tag","embeddable":true,"href":"https:\/\/laserenaradio.cl\/web\/wp-json\/wp\/v2\/tags?post=16146"}],"curies":[{"name":"wp","href":"https:\/\/api.w.org\/{rel}","templated":true}]}}