{"id":16128,"date":"2025-06-03T17:27:02","date_gmt":"2025-06-03T20:27:02","guid":{"rendered":"https:\/\/laserenaradio.cl\/web\/?p=16128"},"modified":"2025-06-03T17:27:02","modified_gmt":"2025-06-03T20:27:02","slug":"desencuentro-entre-precandidatas-presidenciales-toha-y-jara","status":"publish","type":"post","link":"https:\/\/laserenaradio.cl\/web\/2025\/06\/03\/desencuentro-entre-precandidatas-presidenciales-toha-y-jara\/","title":{"rendered":"Desencuentro entre precandidatas presidenciales Toh\u00e1 y Jara."},"content":{"rendered":"<p>Carolina Toh\u00e1, precandidata presidencial de Socialismo Democr\u00e1tico, cuestion\u00f3 a Jeannette Jara, del Partido Comunista y Acci\u00f3n Humanista, durante el debate oficialista en la Universidad de Santiago (Usach). Toh\u00e1 acus\u00f3 a Jara y al precandidato Jaime Mulet de negacionismo, argumentando que \u201cpeor que eso\u201d es cuando este tipo de postura viene desde su propio sector.<\/p>\n<p>En defensa del Gobierno actual, Toh\u00e1 destac\u00f3 los avances en seguridad, asegurando que \u201ctenemos una derecha negacionista, que dice que estamos peor que nunca\u201d. Su intervenci\u00f3n buscaba desafiar esta visi\u00f3n, invitando a Jara y Mulet a no caer en la trampa de la negaci\u00f3n.<\/p>\n<p>Por su parte, Jeannette Jara no respondi\u00f3 directamente. Sin embargo, destac\u00f3 el entusiasmo generado en las primarias, aseverando que \u201cel principal resultado ser\u00e1 que muchas personas vayan a votar\u201d.<\/p>\n<p>Jara tambi\u00e9n se distanci\u00f3 de los m\u00e9todos utilizados durante la Concertaci\u00f3n, se\u00f1alando que su partido no es sectario y construy\u00f3 acuerdos con todos los sectores pol\u00edticos. Argument\u00f3 que negar las diferencias en el pa\u00eds puede perjudicar la democracia.<\/p>\n<p>En conclusi\u00f3n, Toh\u00e1 enfatiz\u00f3 que \u201cnegar a la diversidad y a los que piensan distinto no le hace bien a la democracia\u201d.<\/p>\n","protected":false},"excerpt":{"rendered":"<p>Carolina Toh\u00e1, precandidata presidencial de Socialismo Democr\u00e1tico, cuestion\u00f3 a Jeannette Jara, del Partido Comunista y Acci\u00f3n Humanista, durante el debate oficialista en la Universidad de Santiago (Usach). Toh\u00e1 acus\u00f3 a Jara y al precandidato Jaime Mulet de negacionismo, argumentando que \u201cpeor que eso\u201d es cuando este tipo de postura viene desde su propio sector. En [&hellip;]<\/p>\n","protected":false},"author":2,"featured_media":16127,"comment_status":"closed","ping_status":"open","sticky":false,"template":"","format":"standard","meta":{"_jetpack_memberships_contains_paid_content":false,"jnews-multi-image_gallery":[],"jnews_single_post":[],"jnews_primary_category":[],"jnews_social_meta":[],"jnews_paywall_metabox":[],"jnews_review":[],"enable_review":"","type":"","name":"","summary":"","brand":"","sku":"","good":[],"bad":[],"score_override":"","override_value":"","rating":[],"price":[],"jnews_override_counter":[],"jnews_post_split":[],"footnotes":""},"categories":[83],"tags":[],"class_list":["post-16128","post","type-post","status-publish","format-standard","has-post-thumbnail","hentry","category-politica"],"jetpack_featured_media_url":"https:\/\/laserenaradio.cl\/web\/wp-content\/uploads\/2025\/06\/homepiaiextractoscrapimg_webpJaraJeannetteJaradurantepeor_0.webp","jetpack_sharing_enabled":true,"_links":{"self":[{"href":"https:\/\/laserenaradio.cl\/web\/wp-json\/wp\/v2\/posts\/16128","targetHints":{"allow":["GET"]}}],"collection":[{"href":"https:\/\/laserenaradio.cl\/web\/wp-json\/wp\/v2\/posts"}],"about":[{"href":"https:\/\/laserenaradio.cl\/web\/wp-json\/wp\/v2\/types\/post"}],"author":[{"embeddable":true,"href":"https:\/\/laserenaradio.cl\/web\/wp-json\/wp\/v2\/users\/2"}],"replies":[{"embeddable":true,"href":"https:\/\/laserenaradio.cl\/web\/wp-json\/wp\/v2\/comments?post=16128"}],"version-history":[{"count":1,"href":"https:\/\/laserenaradio.cl\/web\/wp-json\/wp\/v2\/posts\/16128\/revisions"}],"predecessor-version":[{"id":16129,"href":"https:\/\/laserenaradio.cl\/web\/wp-json\/wp\/v2\/posts\/16128\/revisions\/16129"}],"wp:featuredmedia":[{"embeddable":true,"href":"https:\/\/laserenaradio.cl\/web\/wp-json\/wp\/v2\/media\/16127"}],"wp:attachment":[{"href":"https:\/\/laserenaradio.cl\/web\/wp-json\/wp\/v2\/media?parent=16128"}],"wp:term":[{"taxonomy":"category","embeddable":true,"href":"https:\/\/laserenaradio.cl\/web\/wp-json\/wp\/v2\/categories?post=16128"},{"taxonomy":"post_tag","embeddable":true,"href":"https:\/\/laserenaradio.cl\/web\/wp-json\/wp\/v2\/tags?post=16128"}],"curies":[{"name":"wp","href":"https:\/\/api.w.org\/{rel}","templated":true}]}}