{"id":16098,"date":"2025-06-02T23:10:51","date_gmt":"2025-06-03T02:10:51","guid":{"rendered":"https:\/\/laserenaradio.cl\/web\/?p=16098"},"modified":"2025-06-02T23:10:51","modified_gmt":"2025-06-03T02:10:51","slug":"candidatos-de-la-primaria-oficialista-critican-carta-presidencial-de-evelyn-matthei","status":"publish","type":"post","link":"https:\/\/laserenaradio.cl\/web\/2025\/06\/02\/candidatos-de-la-primaria-oficialista-critican-carta-presidencial-de-evelyn-matthei\/","title":{"rendered":"Candidatos de la primaria oficialista critican carta presidencial de Evelyn Matthei."},"content":{"rendered":"<p>Los candidatos de la primaria oficialista criticaron p\u00fablicamente la afirmaci\u00f3n de Evelyn Matthei, quien mand\u00f3 a callar a Ais\u00e9n Etcheverry, vocera del Gobierno. Matthei expres\u00f3: &#8220;Yo le pedir\u00eda a la vocera que se quede callada alguna vez porque la verdad es que ojal\u00e1 se dedique a la ciencia, porque como vocera pucha que lo ha hecho mal&#8221;.<\/p>\n<p>Desde el Partido Comunista (PC), Jeannette Jara afirm\u00f3 en su cuenta de X: &#8220;Gobernar exige templanza. Algunos gritan, insultan o azuzan la violencia creyendo que as\u00ed construyen poder. No. As\u00ed se destruye un pa\u00eds. El verdadero liderazgo no se mide en los likes&#8221;.<\/p>\n<p>Jaime Mulet, candidato del Partido Radical (PR), sostuvo: &#8220;Siempre es importante escuchar a los voceros de gobierno, uno pueda estar o no de acuerdo, pero creo que van fijando la postura del gobierno. Mandarla a quedar callada, creo que no es el camino correcto. Creo que hay otras formas de decir y de expresar el disenso&#8221;.<\/p>\n<p>Gonzalo Winter, candidato de la Uni\u00f3n por Chile (UC), a\u00f1adi\u00f3: &#8220;Volvi\u00f3 la Evelyn Matthei de los garabatos, los exabruptos, de los gritos&#8221;. Sin embargo, Winter considera que esa versi\u00f3n de Matthei no es apropiada para gobernar el pa\u00eds. &#8220;No podemos darnos el lujo de poner a una persona as\u00ed a dirigir las relaciones internacionales&#8221;, finaliz\u00f3.<\/p>\n","protected":false},"excerpt":{"rendered":"<p>Los candidatos de la primaria oficialista criticaron p\u00fablicamente la afirmaci\u00f3n de Evelyn Matthei, quien mand\u00f3 a callar a Ais\u00e9n Etcheverry, vocera del Gobierno. Matthei expres\u00f3: &#8220;Yo le pedir\u00eda a la vocera que se quede callada alguna vez porque la verdad es que ojal\u00e1 se dedique a la ciencia, porque como vocera pucha que lo ha [&hellip;]<\/p>\n","protected":false},"author":2,"featured_media":16097,"comment_status":"closed","ping_status":"open","sticky":false,"template":"","format":"standard","meta":{"_jetpack_memberships_contains_paid_content":false,"jnews-multi-image_gallery":[],"jnews_single_post":[],"jnews_primary_category":[],"jnews_social_meta":[],"jnews_paywall_metabox":[],"jnews_review":[],"enable_review":"","type":"","name":"","summary":"","brand":"","sku":"","good":[],"bad":[],"score_override":"","override_value":"","rating":[],"price":[],"jnews_override_counter":[],"jnews_post_split":[],"footnotes":""},"categories":[83],"tags":[],"class_list":["post-16098","post","type-post","status-publish","format-standard","has-post-thumbnail","hentry","category-politica"],"jetpack_featured_media_url":"https:\/\/laserenaradio.cl\/web\/wp-content\/uploads\/2025\/06\/homepiaiextractoscrapimg_webpCandidatosEvelyn_0.webp","jetpack_sharing_enabled":true,"_links":{"self":[{"href":"https:\/\/laserenaradio.cl\/web\/wp-json\/wp\/v2\/posts\/16098","targetHints":{"allow":["GET"]}}],"collection":[{"href":"https:\/\/laserenaradio.cl\/web\/wp-json\/wp\/v2\/posts"}],"about":[{"href":"https:\/\/laserenaradio.cl\/web\/wp-json\/wp\/v2\/types\/post"}],"author":[{"embeddable":true,"href":"https:\/\/laserenaradio.cl\/web\/wp-json\/wp\/v2\/users\/2"}],"replies":[{"embeddable":true,"href":"https:\/\/laserenaradio.cl\/web\/wp-json\/wp\/v2\/comments?post=16098"}],"version-history":[{"count":1,"href":"https:\/\/laserenaradio.cl\/web\/wp-json\/wp\/v2\/posts\/16098\/revisions"}],"predecessor-version":[{"id":16099,"href":"https:\/\/laserenaradio.cl\/web\/wp-json\/wp\/v2\/posts\/16098\/revisions\/16099"}],"wp:featuredmedia":[{"embeddable":true,"href":"https:\/\/laserenaradio.cl\/web\/wp-json\/wp\/v2\/media\/16097"}],"wp:attachment":[{"href":"https:\/\/laserenaradio.cl\/web\/wp-json\/wp\/v2\/media?parent=16098"}],"wp:term":[{"taxonomy":"category","embeddable":true,"href":"https:\/\/laserenaradio.cl\/web\/wp-json\/wp\/v2\/categories?post=16098"},{"taxonomy":"post_tag","embeddable":true,"href":"https:\/\/laserenaradio.cl\/web\/wp-json\/wp\/v2\/tags?post=16098"}],"curies":[{"name":"wp","href":"https:\/\/api.w.org\/{rel}","templated":true}]}}