{"id":16095,"date":"2025-06-02T23:07:44","date_gmt":"2025-06-03T02:07:44","guid":{"rendered":"https:\/\/laserenaradio.cl\/web\/?p=16095"},"modified":"2025-06-02T23:07:44","modified_gmt":"2025-06-03T02:07:44","slug":"el-ministro-de-agricultura-enfrenta-criticas-por-una-compra-en-un-feria-libre-ilegal","status":"publish","type":"post","link":"https:\/\/laserenaradio.cl\/web\/2025\/06\/02\/el-ministro-de-agricultura-enfrenta-criticas-por-una-compra-en-un-feria-libre-ilegal\/","title":{"rendered":"El Ministro de Agricultura enfrenta cr\u00edticas por una compra en un feria libre ilegal."},"content":{"rendered":"<p>El ministro de Agricultura, Esteban Valenzuela, critic\u00f3 un video en redes sociales donde lo acusan de comprar frutas en el comercio ilegal. &#8220;El ministro de Agricultura da el ejemplo compr\u00e1ndole a los ilegales o coleros de la fruta&#8221;, dice el registro difundido, donde se escucha que un hombre afirma: &#8220;el ministro le compra a los que no tienen patente, a la gente establecida no le compra&#8221;.<\/p>\n<p>Frente a esto, desde el <a href=\"https:\/\/www.minagri.gob.cl\/\">Ministerio de Agricultura<\/a> enviaron una aclaraci\u00f3n. El ministro destac\u00f3 el rol fundamental que cumplen las ferias libres y sus trabajadores en la seguridad alimentaria del pa\u00eds. Recalcando que esta cartera &#8220;ha sido un defensor constante del consumo local&#8221;, ha trabajado estrechamente con la Confederaci\u00f3n Gremial Nacional de Organizaci\u00f3n de Ferias Libres, Persas y Afines (ASOF), as\u00ed como con los feriantes de todo el pa\u00eds.<\/p>\n<p>Valenzuela lament\u00f3 la &#8220;tergiversaci\u00f3n de un video en el que se le ve realizando una compra en la feria Ren\u00e9 Schneider de Rancagua, sin contar con certeza sobre la situaci\u00f3n del vendedor&#8221;. Como <a href=\"https:\/\/www.minagri.gob.cl\/\">Ministerio de Agricultura<\/a>, reafirmamos nuestro compromiso con el comercio formal. Este cumple con la normativa vigente, paga impuestos y aporta al desarrollo local. Actualmente, la regulaci\u00f3n y fiscalizaci\u00f3n del comercio en las ferias recae en las autoridades municipales.<\/p>\n<p>Para fortalecer la formalizaci\u00f3n del comercio en las ferias libres, el Ejecutivo ingres\u00f3 un proyecto de ley que se encuentra en tercer tr\u00e1mite constitucional. Este establece un r\u00e9gimen especial y voluntario de tributaci\u00f3n para comerciantes de ferias libres. Valenzuela valor\u00f3 profundamente el esfuerzo de quienes trabajan conforme a la ley, y seguir\u00e1 promoviendo a las ferias libres como espacios fundamentales para la seguridad alimentaria del pa\u00eds.<\/p>\n","protected":false},"excerpt":{"rendered":"<p>El ministro de Agricultura, Esteban Valenzuela, critic\u00f3 un video en redes sociales donde lo acusan de comprar frutas en el comercio ilegal. &#8220;El ministro de Agricultura da el ejemplo compr\u00e1ndole a los ilegales o coleros de la fruta&#8221;, dice el registro difundido, donde se escucha que un hombre afirma: &#8220;el ministro le compra a los [&hellip;]<\/p>\n","protected":false},"author":2,"featured_media":16094,"comment_status":"closed","ping_status":"open","sticky":false,"template":"","format":"standard","meta":{"_jetpack_memberships_contains_paid_content":false,"jnews-multi-image_gallery":[],"jnews_single_post":[],"jnews_primary_category":[],"jnews_social_meta":[],"jnews_paywall_metabox":[],"jnews_review":[],"enable_review":"","type":"","name":"","summary":"","brand":"","sku":"","good":[],"bad":[],"score_override":"","override_value":"","rating":[],"price":[],"jnews_override_counter":[],"jnews_post_split":[],"footnotes":""},"categories":[83],"tags":[],"class_list":["post-16095","post","type-post","status-publish","format-standard","has-post-thumbnail","hentry","category-politica"],"jetpack_featured_media_url":"https:\/\/laserenaradio.cl\/web\/wp-content\/uploads\/2025\/06\/homepiaiextractoscrapimg_webpAgriculturaferiasministrocomercio_1.webp","jetpack_sharing_enabled":true,"_links":{"self":[{"href":"https:\/\/laserenaradio.cl\/web\/wp-json\/wp\/v2\/posts\/16095","targetHints":{"allow":["GET"]}}],"collection":[{"href":"https:\/\/laserenaradio.cl\/web\/wp-json\/wp\/v2\/posts"}],"about":[{"href":"https:\/\/laserenaradio.cl\/web\/wp-json\/wp\/v2\/types\/post"}],"author":[{"embeddable":true,"href":"https:\/\/laserenaradio.cl\/web\/wp-json\/wp\/v2\/users\/2"}],"replies":[{"embeddable":true,"href":"https:\/\/laserenaradio.cl\/web\/wp-json\/wp\/v2\/comments?post=16095"}],"version-history":[{"count":1,"href":"https:\/\/laserenaradio.cl\/web\/wp-json\/wp\/v2\/posts\/16095\/revisions"}],"predecessor-version":[{"id":16096,"href":"https:\/\/laserenaradio.cl\/web\/wp-json\/wp\/v2\/posts\/16095\/revisions\/16096"}],"wp:featuredmedia":[{"embeddable":true,"href":"https:\/\/laserenaradio.cl\/web\/wp-json\/wp\/v2\/media\/16094"}],"wp:attachment":[{"href":"https:\/\/laserenaradio.cl\/web\/wp-json\/wp\/v2\/media?parent=16095"}],"wp:term":[{"taxonomy":"category","embeddable":true,"href":"https:\/\/laserenaradio.cl\/web\/wp-json\/wp\/v2\/categories?post=16095"},{"taxonomy":"post_tag","embeddable":true,"href":"https:\/\/laserenaradio.cl\/web\/wp-json\/wp\/v2\/tags?post=16095"}],"curies":[{"name":"wp","href":"https:\/\/api.w.org\/{rel}","templated":true}]}}