{"id":16067,"date":"2025-06-02T08:53:33","date_gmt":"2025-06-02T11:53:33","guid":{"rendered":"https:\/\/laserenaradio.cl\/web\/?p=16067"},"modified":"2025-06-02T08:53:33","modified_gmt":"2025-06-02T11:53:33","slug":"el-futuro-de-gabriel-boric-despues-de-dejar-la-moneda","status":"publish","type":"post","link":"https:\/\/laserenaradio.cl\/web\/2025\/06\/02\/el-futuro-de-gabriel-boric-despues-de-dejar-la-moneda\/","title":{"rendered":"El futuro de Gabriel Boric despu\u00e9s de dejar La Moneda"},"content":{"rendered":"<p>El 12 de marzo de 2026, despu\u00e9s de dejar La Moneda, el Presidente m\u00e1s joven de Chile, Gabriel Boric, se enfrentar\u00e1 a nuevos desaf\u00edos. Cumplir\u00e1 40 a\u00f1os en febrero y planea una nueva vida en San Miguel, donde deber\u00e1 abordar diversos caminos posibles.<\/p>\n<p>La tarea inmediata para Boric es su familia: junio marca la llegada de su primer hijo, lo que le permitir\u00e1 disfrutar de esta etapa vital. Sin embargo, su agenda puede tomar un tinte internacional, abordando desaf\u00edos globales del progresismo; o bien, podr\u00eda descansar y luego considerar una incursi\u00f3n presidencial en la oposici\u00f3n.<\/p>\n<p>Analistas pol\u00edticos ven a Boric como el principal l\u00edder de izquierda. Max Colodro sostiene que su principal reto ser\u00e1 recomponer y reagrupar las fuerzas pol\u00edticas que respaldaron su administraci\u00f3n. Paula Walker, exdirectora de la Secom, considera que \u00e9l es reflexivo y debe mirar con distancia su Gobierno para implementar cambios necesarios en el progresismo.<\/p>\n<p>Boric podr\u00eda organizar una oficina con estructura liviana, transversal e independiente de los partidos, promoviendo ideas e iniciativas. Tom\u00e1s Duval ve a Boric como un eje esencial en las disputas hegem\u00f3nicas de las izquierdas y el principal l\u00edder del Frente Amplio, pero su liderazgo podr\u00eda verse desafiado si el partido pierde elecciones.<\/p>\n<p>Luc\u00eda Dammert, soci\u00f3loga y acad\u00e9mica, se\u00f1ala que Boric tiene un largo camino en pol\u00edtica chilena. Ella considera que su liderazgo es crucial para la consolidaci\u00f3n del Frente Amplio. Como exasesora de Boric, Paula Walker afirma que el reconocimiento internacional del mandatario es enorme y podr\u00eda ser utilizado en temas como los derechos humanos.<\/p>\n<p>Crist\u00f3bal Bellolio sugiere que Boric podr\u00eda alejarse de la pol\u00edtica activa para dedicarse a su familia o incluso adoptar un estilo similar al de Pepe Mujica, aunque cree que \u00e9l es un pol\u00edtico dedicado. Vodanovic, Vallejo, Ripamonti y Carolina Toh\u00e1 son mencionados como posibles figuras emergentes.<\/p>\n<p>En resumen, Boric tiene varias opciones: seguir la pol\u00edtica activamente, descansar con su familia o incluso alejarse temporalmente para permitir que nuevas figuras lideren el progresismo.<\/p>\n","protected":false},"excerpt":{"rendered":"<p>El 12 de marzo de 2026, despu\u00e9s de dejar La Moneda, el Presidente m\u00e1s joven de Chile, Gabriel Boric, se enfrentar\u00e1 a nuevos desaf\u00edos. Cumplir\u00e1 40 a\u00f1os en febrero y planea una nueva vida en San Miguel, donde deber\u00e1 abordar diversos caminos posibles. La tarea inmediata para Boric es su familia: junio marca la llegada [&hellip;]<\/p>\n","protected":false},"author":2,"featured_media":16066,"comment_status":"closed","ping_status":"open","sticky":false,"template":"","format":"standard","meta":{"_jetpack_memberships_contains_paid_content":false,"jnews-multi-image_gallery":[],"jnews_single_post":[],"jnews_primary_category":[],"jnews_social_meta":[],"jnews_paywall_metabox":[],"jnews_review":[],"enable_review":"","type":"","name":"","summary":"","brand":"","sku":"","good":[],"bad":[],"score_override":"","override_value":"","rating":[],"price":[],"jnews_override_counter":[],"jnews_post_split":[],"footnotes":""},"categories":[83],"tags":[],"class_list":["post-16067","post","type-post","status-publish","format-standard","has-post-thumbnail","hentry","category-politica"],"jetpack_featured_media_url":"https:\/\/laserenaradio.cl\/web\/wp-content\/uploads\/2025\/06\/homepiaiextractoscrapimg_webpBoricfamiliaprogresismoprincipal_0.webp","jetpack_sharing_enabled":true,"_links":{"self":[{"href":"https:\/\/laserenaradio.cl\/web\/wp-json\/wp\/v2\/posts\/16067","targetHints":{"allow":["GET"]}}],"collection":[{"href":"https:\/\/laserenaradio.cl\/web\/wp-json\/wp\/v2\/posts"}],"about":[{"href":"https:\/\/laserenaradio.cl\/web\/wp-json\/wp\/v2\/types\/post"}],"author":[{"embeddable":true,"href":"https:\/\/laserenaradio.cl\/web\/wp-json\/wp\/v2\/users\/2"}],"replies":[{"embeddable":true,"href":"https:\/\/laserenaradio.cl\/web\/wp-json\/wp\/v2\/comments?post=16067"}],"version-history":[{"count":1,"href":"https:\/\/laserenaradio.cl\/web\/wp-json\/wp\/v2\/posts\/16067\/revisions"}],"predecessor-version":[{"id":16068,"href":"https:\/\/laserenaradio.cl\/web\/wp-json\/wp\/v2\/posts\/16067\/revisions\/16068"}],"wp:featuredmedia":[{"embeddable":true,"href":"https:\/\/laserenaradio.cl\/web\/wp-json\/wp\/v2\/media\/16066"}],"wp:attachment":[{"href":"https:\/\/laserenaradio.cl\/web\/wp-json\/wp\/v2\/media?parent=16067"}],"wp:term":[{"taxonomy":"category","embeddable":true,"href":"https:\/\/laserenaradio.cl\/web\/wp-json\/wp\/v2\/categories?post=16067"},{"taxonomy":"post_tag","embeddable":true,"href":"https:\/\/laserenaradio.cl\/web\/wp-json\/wp\/v2\/tags?post=16067"}],"curies":[{"name":"wp","href":"https:\/\/api.w.org\/{rel}","templated":true}]}}