{"id":16064,"date":"2025-06-02T08:51:25","date_gmt":"2025-06-02T11:51:25","guid":{"rendered":"https:\/\/laserenaradio.cl\/web\/?p=16064"},"modified":"2025-06-02T08:51:25","modified_gmt":"2025-06-02T11:51:25","slug":"evelyn-matthei-encabeza-preferencias-presidenciales","status":"publish","type":"post","link":"https:\/\/laserenaradio.cl\/web\/2025\/06\/02\/evelyn-matthei-encabeza-preferencias-presidenciales\/","title":{"rendered":"Evelyn Matthei encabeza preferencias presidenciales"},"content":{"rendered":"<p>Evelyn Matthei subi\u00f3 dos puntos en las preferencias presidenciales seg\u00fan la \u00faltima encuesta de Cadem, liderando con un 19%. Jos\u00e9 Antonio Kast le sigue con un 16%, mientras que Carolina Toh\u00e1 se sit\u00faa a una distancia significativa con un 8% (reducci\u00f3n de 2%). En el mismo estudio, los candidatos Johannes Kaiser y Jeannette Jara obtuvieron un 7% cada uno; Franco Parisi logr\u00f3 un 6%, y Gonzalo Winter un 3%.<\/p>\n<p>Un 3% de los encuestados manifest\u00f3 que otro ser\u00eda su preferido candidato, mientras que 31% no tiene preferencia o no sabe qui\u00e9n es.<\/p>\n<p>La encuesta tambi\u00e9n abord\u00f3 el esc\u00e1ndalo de las licencias m\u00e9dicas irregulares, conocido por Contralor\u00eda. Un 95% de los participantes estaba al tanto del caso, y un 94% creen que los funcionarios deben devolver los fondos involucrados; un 92% sostiene que deben terminar su contrato o ser despedidos; un 81% opina que no pueden volver a ejercer cargos p\u00fablicos; y un 80% considera que deber\u00edan ser demandados penalmente.<\/p>\n<p>Adem\u00e1s, el 98% de los encuestados estima que el esc\u00e1ndalo &#8220;est\u00e1 comenzando&#8221; y se sabr\u00e1 m\u00e1s en el futuro.<\/p>\n","protected":false},"excerpt":{"rendered":"<p>Evelyn Matthei subi\u00f3 dos puntos en las preferencias presidenciales seg\u00fan la \u00faltima encuesta de Cadem, liderando con un 19%. Jos\u00e9 Antonio Kast le sigue con un 16%, mientras que Carolina Toh\u00e1 se sit\u00faa a una distancia significativa con un 8% (reducci\u00f3n de 2%). En el mismo estudio, los candidatos Johannes Kaiser y Jeannette Jara obtuvieron [&hellip;]<\/p>\n","protected":false},"author":2,"featured_media":16063,"comment_status":"closed","ping_status":"open","sticky":false,"template":"","format":"standard","meta":{"_jetpack_memberships_contains_paid_content":false,"jnews-multi-image_gallery":[],"jnews_single_post":[],"jnews_primary_category":[],"jnews_social_meta":[],"jnews_paywall_metabox":[],"jnews_review":[],"enable_review":"","type":"","name":"","summary":"","brand":"","sku":"","good":[],"bad":[],"score_override":"","override_value":"","rating":[],"price":[],"jnews_override_counter":[],"jnews_post_split":[],"footnotes":""},"categories":[83],"tags":[],"class_list":["post-16064","post","type-post","status-publish","format-standard","has-post-thumbnail","hentry","category-politica"],"jetpack_featured_media_url":"https:\/\/laserenaradio.cl\/web\/wp-content\/uploads\/2025\/06\/homepiaiextractoscrapimg_webpEvelynMattheipreferenciaspresidencialesencuesta_1.webp","jetpack_sharing_enabled":true,"_links":{"self":[{"href":"https:\/\/laserenaradio.cl\/web\/wp-json\/wp\/v2\/posts\/16064","targetHints":{"allow":["GET"]}}],"collection":[{"href":"https:\/\/laserenaradio.cl\/web\/wp-json\/wp\/v2\/posts"}],"about":[{"href":"https:\/\/laserenaradio.cl\/web\/wp-json\/wp\/v2\/types\/post"}],"author":[{"embeddable":true,"href":"https:\/\/laserenaradio.cl\/web\/wp-json\/wp\/v2\/users\/2"}],"replies":[{"embeddable":true,"href":"https:\/\/laserenaradio.cl\/web\/wp-json\/wp\/v2\/comments?post=16064"}],"version-history":[{"count":1,"href":"https:\/\/laserenaradio.cl\/web\/wp-json\/wp\/v2\/posts\/16064\/revisions"}],"predecessor-version":[{"id":16065,"href":"https:\/\/laserenaradio.cl\/web\/wp-json\/wp\/v2\/posts\/16064\/revisions\/16065"}],"wp:featuredmedia":[{"embeddable":true,"href":"https:\/\/laserenaradio.cl\/web\/wp-json\/wp\/v2\/media\/16063"}],"wp:attachment":[{"href":"https:\/\/laserenaradio.cl\/web\/wp-json\/wp\/v2\/media?parent=16064"}],"wp:term":[{"taxonomy":"category","embeddable":true,"href":"https:\/\/laserenaradio.cl\/web\/wp-json\/wp\/v2\/categories?post=16064"},{"taxonomy":"post_tag","embeddable":true,"href":"https:\/\/laserenaradio.cl\/web\/wp-json\/wp\/v2\/tags?post=16064"}],"curies":[{"name":"wp","href":"https:\/\/api.w.org\/{rel}","templated":true}]}}