{"id":16061,"date":"2025-06-02T08:49:35","date_gmt":"2025-06-02T11:49:35","guid":{"rendered":"https:\/\/laserenaradio.cl\/web\/?p=16061"},"modified":"2025-06-02T08:49:35","modified_gmt":"2025-06-02T11:49:35","slug":"la-aprobacion-del-presidente-gabriel-boric-crecio-cinco-puntos-tras-su-cuenta-publica","status":"publish","type":"post","link":"https:\/\/laserenaradio.cl\/web\/2025\/06\/02\/la-aprobacion-del-presidente-gabriel-boric-crecio-cinco-puntos-tras-su-cuenta-publica\/","title":{"rendered":"La aprobaci\u00f3n del Presidente Gabriel Boric creci\u00f3 cinco puntos tras su Cuenta P\u00fablica"},"content":{"rendered":"<p>De acuerdo a Cadem, la aprobaci\u00f3n del Presidente Gabriel Boric subi\u00f3 cinco puntos despu\u00e9s de su \u00faltima Cuenta P\u00fablica. Realizada en el Congreso Nacional, esta medici\u00f3n post discurso se llev\u00f3 a cabo mediante un panel online de 702 personas.<\/p>\n<p>Se observa que alrededor del 68% de los encuestados hab\u00edan visto, escuchado o informado sobre la Cuenta P\u00fablica. De estos, la mayor\u00eda (58%) lo hizo en directo por televisi\u00f3n; un 16%, a trav\u00e9s de redes sociales y el 13% a trav\u00e9s de noticieros.<\/p>\n<p>En relaci\u00f3n con su popularidad, el mandatario pas\u00f3 de una aprobaci\u00f3n del 27% a un 32%. Su desaprobaci\u00f3n, sin embargo, mantuvo niveles altos en el 61%.<\/p>\n<p>Entre los que tomaron partido sobre el discurso, un 30% consideraron mejor que lo esperado; 37%, dentro de las expectativas y 32%, peor o mucho peor.<\/p>\n<p>El sondeo tambi\u00e9n evalu\u00f3 la percepci\u00f3n sobre las principales medidas anunciadas por Boric. La construcci\u00f3n de una estaci\u00f3n de Metro al aeropuerto recibi\u00f3 un respaldo notable, con el 87% a favor. Asimismo, se destacaron los 81% que apoyan la ley de sala cuna universal y el 72% para incentivar la contrataci\u00f3n de mujeres y j\u00f3venes.<\/p>\n<p>En contraste, otras medidas como la ley de aborto libre hasta las 14 semanas (aprobada por un 47%) y el retiro del personal de defensa en la embajada de Chile en Israel (a favor con un 46%), no generaron el mismo consenso.<\/p>\n","protected":false},"excerpt":{"rendered":"<p>De acuerdo a Cadem, la aprobaci\u00f3n del Presidente Gabriel Boric subi\u00f3 cinco puntos despu\u00e9s de su \u00faltima Cuenta P\u00fablica. Realizada en el Congreso Nacional, esta medici\u00f3n post discurso se llev\u00f3 a cabo mediante un panel online de 702 personas. Se observa que alrededor del 68% de los encuestados hab\u00edan visto, escuchado o informado sobre la [&hellip;]<\/p>\n","protected":false},"author":2,"featured_media":16060,"comment_status":"closed","ping_status":"open","sticky":false,"template":"","format":"standard","meta":{"_jetpack_memberships_contains_paid_content":false,"jnews-multi-image_gallery":[],"jnews_single_post":[],"jnews_primary_category":[],"jnews_social_meta":[],"jnews_paywall_metabox":[],"jnews_review":[],"enable_review":"","type":"","name":"","summary":"","brand":"","sku":"","good":[],"bad":[],"score_override":"","override_value":"","rating":[],"price":[],"jnews_override_counter":[],"jnews_post_split":[],"footnotes":""},"categories":[83],"tags":[],"class_list":["post-16061","post","type-post","status-publish","format-standard","has-post-thumbnail","hentry","category-politica"],"jetpack_featured_media_url":"https:\/\/laserenaradio.cl\/web\/wp-content\/uploads\/2025\/06\/homepiaiextractoscrapimg_webpCuentasobrePresidenteGabrielBoriccinco_1.webp","jetpack_sharing_enabled":true,"_links":{"self":[{"href":"https:\/\/laserenaradio.cl\/web\/wp-json\/wp\/v2\/posts\/16061","targetHints":{"allow":["GET"]}}],"collection":[{"href":"https:\/\/laserenaradio.cl\/web\/wp-json\/wp\/v2\/posts"}],"about":[{"href":"https:\/\/laserenaradio.cl\/web\/wp-json\/wp\/v2\/types\/post"}],"author":[{"embeddable":true,"href":"https:\/\/laserenaradio.cl\/web\/wp-json\/wp\/v2\/users\/2"}],"replies":[{"embeddable":true,"href":"https:\/\/laserenaradio.cl\/web\/wp-json\/wp\/v2\/comments?post=16061"}],"version-history":[{"count":1,"href":"https:\/\/laserenaradio.cl\/web\/wp-json\/wp\/v2\/posts\/16061\/revisions"}],"predecessor-version":[{"id":16062,"href":"https:\/\/laserenaradio.cl\/web\/wp-json\/wp\/v2\/posts\/16061\/revisions\/16062"}],"wp:featuredmedia":[{"embeddable":true,"href":"https:\/\/laserenaradio.cl\/web\/wp-json\/wp\/v2\/media\/16060"}],"wp:attachment":[{"href":"https:\/\/laserenaradio.cl\/web\/wp-json\/wp\/v2\/media?parent=16061"}],"wp:term":[{"taxonomy":"category","embeddable":true,"href":"https:\/\/laserenaradio.cl\/web\/wp-json\/wp\/v2\/categories?post=16061"},{"taxonomy":"post_tag","embeddable":true,"href":"https:\/\/laserenaradio.cl\/web\/wp-json\/wp\/v2\/tags?post=16061"}],"curies":[{"name":"wp","href":"https:\/\/api.w.org\/{rel}","templated":true}]}}