{"id":16055,"date":"2025-06-01T23:22:00","date_gmt":"2025-06-02T02:22:00","guid":{"rendered":"https:\/\/laserenaradio.cl\/web\/?p=16055"},"modified":"2025-06-01T23:22:00","modified_gmt":"2025-06-02T02:22:00","slug":"kaiser-critica-a-boric-por-proyecto-de-aborto-hasta-las-14-semanas","status":"publish","type":"post","link":"https:\/\/laserenaradio.cl\/web\/2025\/06\/01\/kaiser-critica-a-boric-por-proyecto-de-aborto-hasta-las-14-semanas\/","title":{"rendered":"Kaiser critica a Boric por proyecto de aborto hasta las 14 semanas."},"content":{"rendered":"<p>Johannes Kaiser, candidato presidencial del Partido Nacional Libertario (PNL), critic\u00f3 duramente el proyecto de interrupci\u00f3n voluntaria del embarazo presentado por el Ejecutivo. Esta iniciativa busca legalizar el aborto hasta las 14 semanas de gestaci\u00f3n y fue destacada por el presidente Gabriel Boric durante la \u00faltima Cuenta P\u00fablica.<\/p>\n<p>La carta del PNL se retir\u00f3 del Sal\u00f3n de Honor del Congreso Nacional en Valpara\u00edso tras la alusi\u00f3n de Boric a la iniciativa. Kaiser argument\u00f3 que \u201cHabla de unidad, pero miente. Nos insulta. Habla de unidad, pero presenta proyectos que \u00e9l sabe que van a terminar en un conflicto mayor\u201d.<\/p>\n<p>Durante su alocuci\u00f3n, el mandatario destac\u00f3 la iniciativa ingresada por el Ejecutivo y le pidi\u00f3 a los legisladores que no se negaran \u201ca la discusi\u00f3n\u201d. Al respecto, Kaiser enfatiz\u00f3 que la opini\u00f3n de la poblaci\u00f3n no est\u00e1 con el proyecto del Gobierno. Seg\u00fan \u00e9l, \u201c\u00c9l sabe que la inmensa mayor\u00eda de los chilenos se ha pronunciado en m\u00e1s de una ocasi\u00f3n en esta materia\u201d.<\/p>\n<p>Kaiser resalt\u00f3 que el Gobierno no cuenta con los votos para aprobar el proyecto y acus\u00f3 a Boric de hacer un discurso para su \u201cbarra brava\u201d.<\/p>\n","protected":false},"excerpt":{"rendered":"<p>Johannes Kaiser, candidato presidencial del Partido Nacional Libertario (PNL), critic\u00f3 duramente el proyecto de interrupci\u00f3n voluntaria del embarazo presentado por el Ejecutivo. Esta iniciativa busca legalizar el aborto hasta las 14 semanas de gestaci\u00f3n y fue destacada por el presidente Gabriel Boric durante la \u00faltima Cuenta P\u00fablica. La carta del PNL se retir\u00f3 del Sal\u00f3n [&hellip;]<\/p>\n","protected":false},"author":2,"featured_media":16054,"comment_status":"closed","ping_status":"open","sticky":false,"template":"","format":"standard","meta":{"_jetpack_memberships_contains_paid_content":false,"jnews-multi-image_gallery":[],"jnews_single_post":[],"jnews_primary_category":[],"jnews_social_meta":[],"jnews_paywall_metabox":[],"jnews_review":[],"enable_review":"","type":"","name":"","summary":"","brand":"","sku":"","good":[],"bad":[],"score_override":"","override_value":"","rating":[],"price":[],"jnews_override_counter":[],"jnews_post_split":[],"footnotes":""},"categories":[83],"tags":[],"class_list":["post-16055","post","type-post","status-publish","format-standard","has-post-thumbnail","hentry","category-politica"],"jetpack_featured_media_url":"https:\/\/laserenaradio.cl\/web\/wp-content\/uploads\/2025\/06\/homepiaiextractoscrapimg_webpKaiserBoric_1.webp","jetpack_sharing_enabled":true,"_links":{"self":[{"href":"https:\/\/laserenaradio.cl\/web\/wp-json\/wp\/v2\/posts\/16055","targetHints":{"allow":["GET"]}}],"collection":[{"href":"https:\/\/laserenaradio.cl\/web\/wp-json\/wp\/v2\/posts"}],"about":[{"href":"https:\/\/laserenaradio.cl\/web\/wp-json\/wp\/v2\/types\/post"}],"author":[{"embeddable":true,"href":"https:\/\/laserenaradio.cl\/web\/wp-json\/wp\/v2\/users\/2"}],"replies":[{"embeddable":true,"href":"https:\/\/laserenaradio.cl\/web\/wp-json\/wp\/v2\/comments?post=16055"}],"version-history":[{"count":1,"href":"https:\/\/laserenaradio.cl\/web\/wp-json\/wp\/v2\/posts\/16055\/revisions"}],"predecessor-version":[{"id":16056,"href":"https:\/\/laserenaradio.cl\/web\/wp-json\/wp\/v2\/posts\/16055\/revisions\/16056"}],"wp:featuredmedia":[{"embeddable":true,"href":"https:\/\/laserenaradio.cl\/web\/wp-json\/wp\/v2\/media\/16054"}],"wp:attachment":[{"href":"https:\/\/laserenaradio.cl\/web\/wp-json\/wp\/v2\/media?parent=16055"}],"wp:term":[{"taxonomy":"category","embeddable":true,"href":"https:\/\/laserenaradio.cl\/web\/wp-json\/wp\/v2\/categories?post=16055"},{"taxonomy":"post_tag","embeddable":true,"href":"https:\/\/laserenaradio.cl\/web\/wp-json\/wp\/v2\/tags?post=16055"}],"curies":[{"name":"wp","href":"https:\/\/api.w.org\/{rel}","templated":true}]}}