{"id":16049,"date":"2025-06-01T19:17:57","date_gmt":"2025-06-01T22:17:57","guid":{"rendered":"https:\/\/laserenaradio.cl\/web\/?p=16049"},"modified":"2025-06-01T19:17:57","modified_gmt":"2025-06-01T22:17:57","slug":"candidatos-opositores-a-gabriel-boric-critican-su-cuenta-publica","status":"publish","type":"post","link":"https:\/\/laserenaradio.cl\/web\/2025\/06\/01\/candidatos-opositores-a-gabriel-boric-critican-su-cuenta-publica\/","title":{"rendered":"Candidatos opositores a Gabriel Boric critican su cuenta p\u00fablica."},"content":{"rendered":"<p>Los candidatos presidenciales de la oposici\u00f3n reaccionaron a la cuenta p\u00fablica del Presidente Gabriel Boric, calific\u00e1ndola como un discurso para la \u201cbarra brava\u201d, que no enfrent\u00f3 las prioridades que tiene el pa\u00eds con cifras que no son reales e incluso abandonando el sal\u00f3n de honor del Congreso, como fue el caso del abanderado del Partido Nacional Libertario (PNL), Johannes Kaiser.<\/p>\n<p>La candidata de Chile Vamos, Evelyn Matthei, indic\u00f3 que \u201cescuchamos la cuenta p\u00fablica y me dio pena y verg\u00fcenza, y el Presidente lo \u00fanico que hace es dar cifras, muchas de las cuales no son ciertas. No es cierto que haya disminuido el n\u00famero de inmigrantes que han ingresado, han aumentado el doble; no es cierto que han disminuido los homicidios\u201d.<\/p>\n<p>Plante\u00f3 que \u201cen materia econ\u00f3mica es incre\u00edble lo que dijo, este Gobierno probablemente ser\u00e1 el que tenga el peor crecimiento econ\u00f3mico y el primer Gobierno que entregue un Estado con holguras negativas. La verdad es que este mundo de Bilz y Pap en que promete un nuevo Metro, m\u00e1s hospitales, pero perd\u00f3n, si no va a estar la plata\u201d.<\/p>\n<p>Matthei se\u00f1al\u00f3 que \u201cen todos los anuncios en que sac\u00f3 aplausos fue jefe de la barra brava. Son anuncios totalmente insustanciales para las angustias que tienen hoy las personas. Nos empieza a decir que estamos s\u00faper bien en materia de desempleo, con casi un mill\u00f3n de personas cesantes, recibi\u00f3 el desempleo en 7,5% y ahora va en 8,8% y dice que ha mejorado\u201d.<\/p>\n<p>Afirm\u00f3 que \u201cen todos los anuncios en que sac\u00f3 aplausos fue jefe de la barra brava. Son anuncios totalmente insustanciales para las angustias que tienen hoy las personas\u201d. Matthei se\u00f1al\u00f3 que se \u201chace un tremendo anuncio sobre un proyecto de aborto que no tiene los votos en el Congreso ni el respaldo de la ciudadan\u00eda, y en vez de preocuparse de construir m\u00e1s c\u00e1rceles el mayor anuncio es que le va a cambiar la denominaci\u00f3n a Punta Peuco. La verdad es que vimos un Presidente que trat\u00f3 de parecer que era un estadista y con todas las cifras falsas, m\u00e1s bien se comport\u00f3 como un jefe de barra brava que como un jefe de Estado\u201d; y adelant\u00f3 que \u201clo de Punta Peuco la verdad es que no cuesta nada revertirlo, vamos a ver si lo hace\u201d.<\/p>\n<p>En tanto el candidato del PNL, Johannes Kaiser, se retir\u00f3 del Sal\u00f3n de Honor del Congreso en medio del discurso del mandatario, se\u00f1alando que \u201csu obligaci\u00f3n es informar al pa\u00eds del Estado administrativo y pol\u00edtico de la naci\u00f3n, pero \u00bfhan escuchado algo del estado de la deuda p\u00fablica? Yo no, \u00bfo de ingresos o situaci\u00f3n efectiva de seguridad, de la construcci\u00f3n de viviendas? No est\u00e1 dando esa informaci\u00f3n. Lo que nos est\u00e1 contando es un cuento una vez m\u00e1s, est\u00e1 distrayendo de su fracaso como gobernante\u201d.<\/p>\n<p>Agreg\u00f3 que \u201cno corresponde andar utilizando la cuenta p\u00fablica para ataques pol\u00edticos sin poder permitir respuesta. Nos retiramos, no estamos obligados a estar aqu\u00ed\u201d.<\/p>\n<p>El presidente de Republicanos, Arturo Squella, -en representaci\u00f3n del abanderado de esa colectividad Jos\u00e9 Antonio Kast- indic\u00f3 que \u201cpresenciamos una cuenta p\u00fablica de un Presidente que sigue influenciado por la ideolog\u00eda, habl\u00e1ndole al 25% de los chilenos, a su barra brava, descartando enfrentar en estos meses que quedan la inmigraci\u00f3n ilegal, el crimen organizado y el narcotr\u00e1fico\u201d.<\/p>\n<p>Explic\u00f3 que \u201cen vez de eso instal\u00f3 el conflicto del Medio Oriente, del aborto, de Punta Peuco y hace referencia a un modelo de seguridad exitoso como el de El Salvador, como si no debi\u00e9ramos seguirlo sabiendo que esa es la discusi\u00f3n que atraviesa la elecci\u00f3n presidencial de noviembre de este a\u00f1o\u201d.<\/p>\n","protected":false},"excerpt":{"rendered":"<p>Los candidatos presidenciales de la oposici\u00f3n reaccionaron a la cuenta p\u00fablica del Presidente Gabriel Boric, calific\u00e1ndola como un discurso para la \u201cbarra brava\u201d, que no enfrent\u00f3 las prioridades que tiene el pa\u00eds con cifras que no son reales e incluso abandonando el sal\u00f3n de honor del Congreso, como fue el caso del abanderado del Partido [&hellip;]<\/p>\n","protected":false},"author":2,"featured_media":16048,"comment_status":"closed","ping_status":"open","sticky":false,"template":"","format":"standard","meta":{"_jetpack_memberships_contains_paid_content":false,"jnews-multi-image_gallery":[],"jnews_single_post":[],"jnews_primary_category":[],"jnews_social_meta":[],"jnews_paywall_metabox":[],"jnews_review":[],"enable_review":"","type":"","name":"","summary":"","brand":"","sku":"","good":[],"bad":[],"score_override":"","override_value":"","rating":[],"price":[],"jnews_override_counter":[],"jnews_post_split":[],"footnotes":""},"categories":[83],"tags":[],"class_list":["post-16049","post","type-post","status-publish","format-standard","has-post-thumbnail","hentry","category-politica"],"jetpack_featured_media_url":"https:\/\/laserenaradio.cl\/web\/wp-content\/uploads\/2025\/06\/homepiaiextractoscrapimg_predeterminadalaserenaradio_politica-3.webp","jetpack_sharing_enabled":true,"_links":{"self":[{"href":"https:\/\/laserenaradio.cl\/web\/wp-json\/wp\/v2\/posts\/16049","targetHints":{"allow":["GET"]}}],"collection":[{"href":"https:\/\/laserenaradio.cl\/web\/wp-json\/wp\/v2\/posts"}],"about":[{"href":"https:\/\/laserenaradio.cl\/web\/wp-json\/wp\/v2\/types\/post"}],"author":[{"embeddable":true,"href":"https:\/\/laserenaradio.cl\/web\/wp-json\/wp\/v2\/users\/2"}],"replies":[{"embeddable":true,"href":"https:\/\/laserenaradio.cl\/web\/wp-json\/wp\/v2\/comments?post=16049"}],"version-history":[{"count":1,"href":"https:\/\/laserenaradio.cl\/web\/wp-json\/wp\/v2\/posts\/16049\/revisions"}],"predecessor-version":[{"id":16050,"href":"https:\/\/laserenaradio.cl\/web\/wp-json\/wp\/v2\/posts\/16049\/revisions\/16050"}],"wp:featuredmedia":[{"embeddable":true,"href":"https:\/\/laserenaradio.cl\/web\/wp-json\/wp\/v2\/media\/16048"}],"wp:attachment":[{"href":"https:\/\/laserenaradio.cl\/web\/wp-json\/wp\/v2\/media?parent=16049"}],"wp:term":[{"taxonomy":"category","embeddable":true,"href":"https:\/\/laserenaradio.cl\/web\/wp-json\/wp\/v2\/categories?post=16049"},{"taxonomy":"post_tag","embeddable":true,"href":"https:\/\/laserenaradio.cl\/web\/wp-json\/wp\/v2\/tags?post=16049"}],"curies":[{"name":"wp","href":"https:\/\/api.w.org\/{rel}","templated":true}]}}