{"id":16046,"date":"2025-06-01T19:13:05","date_gmt":"2025-06-01T22:13:05","guid":{"rendered":"https:\/\/laserenaradio.cl\/web\/?p=16046"},"modified":"2025-06-01T19:13:05","modified_gmt":"2025-06-01T22:13:05","slug":"el-presidente-gabriel-boric-recibe-criticas-desde-el-congreso-por-su-ultima-cuenta-publica","status":"publish","type":"post","link":"https:\/\/laserenaradio.cl\/web\/2025\/06\/01\/el-presidente-gabriel-boric-recibe-criticas-desde-el-congreso-por-su-ultima-cuenta-publica\/","title":{"rendered":"El Presidente Gabriel Boric recibe cr\u00edticas desde el Congreso por su \u00faltima Cuenta P\u00fablica."},"content":{"rendered":"<p>Luego de 2 horas y 31 minutos de discurso, el Presidente Gabriel Boric present\u00f3 su \u00faltima Cuenta P\u00fablica ante el Congreso. Abord\u00f3 temas como seguridad, pensiones, salud, econom\u00eda, migraci\u00f3n y relaciones internacionales, anunciando propuestas para el futuro.<\/p>\n<p>Sin embargo, las reacciones desde el Congreso fueron mixtas. Parlamentarios del oficialismo y la oposici\u00f3n coincidieron en que el discurso tuvo un tono \u201cautocomplaciente\u201d e ignor\u00f3 aspectos esenciales.<\/p>\n<p>Alberto Undurraga, presidente de la DC, indic\u00f3: &#8220;Muy autocomplaciente&#8221;. Entre los puntos positivos, destac\u00f3 el llamado al di\u00e1logo para reformar las pensiones y la actitud frente a investigaciones por corrupci\u00f3n. Sin embargo, critic\u00f3 que Boric no ofreci\u00f3 medidas concretas para reactivar la econom\u00eda o enfrentar la inseguridad.<\/p>\n<p>Ximena Rinc\u00f3n, presidenta de Dem\u00f3cratas, expres\u00f3 preocupaci\u00f3n ante la omisi\u00f3n del Presidente en temas como la <a href=\"https:\/\/www.fiscaliadechile.cl\/\">Fiscal\u00eda<\/a> Supraterritorial y fortalecimiento del sistema de inteligencia. Afirm\u00f3 que &#8220;no aborda los principales puntos para salir de la mediocridad&#8221;, criticando las cifras econ\u00f3micas presentadas.<\/p>\n<p>Andr\u00e9s Jouannet, presidente de Amarillos por Chile, calific\u00f3 el discurso como una \u201cproclamaci\u00f3n para el 2029\u201d y cuestion\u00f3 la falta de propuestas en materia de seguridad. Tambi\u00e9n critic\u00f3 el proyecto de ley de Interrupci\u00f3n Voluntaria del Embarazo y las declaraciones sobre Israel.<\/p>\n<p>Ricardo Lagos Weber, vicepresidente del Senado (PPD), se refiri\u00f3 a avances en vivienda e incremento del transporte p\u00fablico el\u00e9ctrico, pero cuestion\u00f3 los atrasos en el proceso de licitaci\u00f3n. En conclusi\u00f3n, el discurso tuvo reacciones mixtas y revel\u00f3 escasas propuestas concretas para enfrentar desaf\u00edos nacionales.<\/p>\n","protected":false},"excerpt":{"rendered":"<p>Luego de 2 horas y 31 minutos de discurso, el Presidente Gabriel Boric present\u00f3 su \u00faltima Cuenta P\u00fablica ante el Congreso. Abord\u00f3 temas como seguridad, pensiones, salud, econom\u00eda, migraci\u00f3n y relaciones internacionales, anunciando propuestas para el futuro. Sin embargo, las reacciones desde el Congreso fueron mixtas. Parlamentarios del oficialismo y la oposici\u00f3n coincidieron en que [&hellip;]<\/p>\n","protected":false},"author":2,"featured_media":16045,"comment_status":"closed","ping_status":"open","sticky":false,"template":"","format":"standard","meta":{"_jetpack_memberships_contains_paid_content":false,"jnews-multi-image_gallery":[],"jnews_single_post":[],"jnews_primary_category":[],"jnews_social_meta":[],"jnews_paywall_metabox":[],"jnews_review":[],"enable_review":"","type":"","name":"","summary":"","brand":"","sku":"","good":[],"bad":[],"score_override":"","override_value":"","rating":[],"price":[],"jnews_override_counter":[],"jnews_post_split":[],"footnotes":""},"categories":[83],"tags":[],"class_list":["post-16046","post","type-post","status-publish","format-standard","has-post-thumbnail","hentry","category-politica"],"jetpack_featured_media_url":"https:\/\/laserenaradio.cl\/web\/wp-content\/uploads\/2025\/06\/homepiaiextractoscrapimg_webpdiscursoCongresopropuestasCuenta_1.webp","jetpack_sharing_enabled":true,"_links":{"self":[{"href":"https:\/\/laserenaradio.cl\/web\/wp-json\/wp\/v2\/posts\/16046","targetHints":{"allow":["GET"]}}],"collection":[{"href":"https:\/\/laserenaradio.cl\/web\/wp-json\/wp\/v2\/posts"}],"about":[{"href":"https:\/\/laserenaradio.cl\/web\/wp-json\/wp\/v2\/types\/post"}],"author":[{"embeddable":true,"href":"https:\/\/laserenaradio.cl\/web\/wp-json\/wp\/v2\/users\/2"}],"replies":[{"embeddable":true,"href":"https:\/\/laserenaradio.cl\/web\/wp-json\/wp\/v2\/comments?post=16046"}],"version-history":[{"count":1,"href":"https:\/\/laserenaradio.cl\/web\/wp-json\/wp\/v2\/posts\/16046\/revisions"}],"predecessor-version":[{"id":16047,"href":"https:\/\/laserenaradio.cl\/web\/wp-json\/wp\/v2\/posts\/16046\/revisions\/16047"}],"wp:featuredmedia":[{"embeddable":true,"href":"https:\/\/laserenaradio.cl\/web\/wp-json\/wp\/v2\/media\/16045"}],"wp:attachment":[{"href":"https:\/\/laserenaradio.cl\/web\/wp-json\/wp\/v2\/media?parent=16046"}],"wp:term":[{"taxonomy":"category","embeddable":true,"href":"https:\/\/laserenaradio.cl\/web\/wp-json\/wp\/v2\/categories?post=16046"},{"taxonomy":"post_tag","embeddable":true,"href":"https:\/\/laserenaradio.cl\/web\/wp-json\/wp\/v2\/tags?post=16046"}],"curies":[{"name":"wp","href":"https:\/\/api.w.org\/{rel}","templated":true}]}}