{"id":16043,"date":"2025-06-01T19:10:35","date_gmt":"2025-06-01T22:10:35","guid":{"rendered":"https:\/\/laserenaradio.cl\/web\/?p=16043"},"modified":"2025-06-01T19:10:35","modified_gmt":"2025-06-01T22:10:35","slug":"evelyn-matthei-cuestiona-cuenta-publica-de-gabriel-boric","status":"publish","type":"post","link":"https:\/\/laserenaradio.cl\/web\/2025\/06\/01\/evelyn-matthei-cuestiona-cuenta-publica-de-gabriel-boric\/","title":{"rendered":"Evelyn Matthei cuestiona Cuenta P\u00fablica de Gabriel Boric"},"content":{"rendered":"<p>La candidata presidencial Evelyn Matthei critic\u00f3 duramente la Cuenta P\u00fablica del Presidente Gabriel Boric, realizada recientemente en Valpara\u00edso. <\/p>\n<p>Matthei expres\u00f3 que las palabras del mandatario le generaron &#8220;pena y verg\u00fcenza&#8221;, argumentando que &#8220;el Presidente solo dio cifras&#8221; sin respaldar evidencia real. <\/p>\n<p>En cuanto a la seguridad ciudadana, Matthei sostuvo que durante el gobierno de Boric ha habido un &#8220;tremendo retroceso&#8221;. Asegur\u00f3 que es necesario recuperar &#8220;el orden, la justicia y penas dur\u00edsimas&#8221;, adem\u00e1s de reforzar la vigilancia fronteriza con drones, helic\u00f3pteros y sat\u00e9lites. <\/p>\n<p>Adem\u00e1s, Matthei desestim\u00f3 el optimismo econ\u00f3mico del Presidente, citando un aumento en fallecidos debido a la espera m\u00e9dica superando los 30 mil.<\/p>\n","protected":false},"excerpt":{"rendered":"<p>La candidata presidencial Evelyn Matthei critic\u00f3 duramente la Cuenta P\u00fablica del Presidente Gabriel Boric, realizada recientemente en Valpara\u00edso. Matthei expres\u00f3 que las palabras del mandatario le generaron &#8220;pena y verg\u00fcenza&#8221;, argumentando que &#8220;el Presidente solo dio cifras&#8221; sin respaldar evidencia real. En cuanto a la seguridad ciudadana, Matthei sostuvo que durante el gobierno de Boric [&hellip;]<\/p>\n","protected":false},"author":2,"featured_media":16042,"comment_status":"closed","ping_status":"open","sticky":false,"template":"","format":"standard","meta":{"_jetpack_memberships_contains_paid_content":false,"jnews-multi-image_gallery":[],"jnews_single_post":[],"jnews_primary_category":[],"jnews_social_meta":[],"jnews_paywall_metabox":[],"jnews_review":[],"enable_review":"","type":"","name":"","summary":"","brand":"","sku":"","good":[],"bad":[],"score_override":"","override_value":"","rating":[],"price":[],"jnews_override_counter":[],"jnews_post_split":[],"footnotes":""},"categories":[83],"tags":[],"class_list":["post-16043","post","type-post","status-publish","format-standard","has-post-thumbnail","hentry","category-politica"],"jetpack_featured_media_url":"https:\/\/laserenaradio.cl\/web\/wp-content\/uploads\/2025\/06\/homepiaiextractoscrapimg_webpMattheiEvelynMattheiCuentaPresidente_0.webp","jetpack_sharing_enabled":true,"_links":{"self":[{"href":"https:\/\/laserenaradio.cl\/web\/wp-json\/wp\/v2\/posts\/16043","targetHints":{"allow":["GET"]}}],"collection":[{"href":"https:\/\/laserenaradio.cl\/web\/wp-json\/wp\/v2\/posts"}],"about":[{"href":"https:\/\/laserenaradio.cl\/web\/wp-json\/wp\/v2\/types\/post"}],"author":[{"embeddable":true,"href":"https:\/\/laserenaradio.cl\/web\/wp-json\/wp\/v2\/users\/2"}],"replies":[{"embeddable":true,"href":"https:\/\/laserenaradio.cl\/web\/wp-json\/wp\/v2\/comments?post=16043"}],"version-history":[{"count":1,"href":"https:\/\/laserenaradio.cl\/web\/wp-json\/wp\/v2\/posts\/16043\/revisions"}],"predecessor-version":[{"id":16044,"href":"https:\/\/laserenaradio.cl\/web\/wp-json\/wp\/v2\/posts\/16043\/revisions\/16044"}],"wp:featuredmedia":[{"embeddable":true,"href":"https:\/\/laserenaradio.cl\/web\/wp-json\/wp\/v2\/media\/16042"}],"wp:attachment":[{"href":"https:\/\/laserenaradio.cl\/web\/wp-json\/wp\/v2\/media?parent=16043"}],"wp:term":[{"taxonomy":"category","embeddable":true,"href":"https:\/\/laserenaradio.cl\/web\/wp-json\/wp\/v2\/categories?post=16043"},{"taxonomy":"post_tag","embeddable":true,"href":"https:\/\/laserenaradio.cl\/web\/wp-json\/wp\/v2\/tags?post=16043"}],"curies":[{"name":"wp","href":"https:\/\/api.w.org\/{rel}","templated":true}]}}