{"id":16031,"date":"2025-06-01T14:18:02","date_gmt":"2025-06-01T17:18:02","guid":{"rendered":"https:\/\/laserenaradio.cl\/web\/?p=16031"},"modified":"2025-06-01T14:18:02","modified_gmt":"2025-06-01T17:18:02","slug":"boric-anuncia-ley-para-facilitar-fertilizacion-asistida-y-legalizar-el-aborto","status":"publish","type":"post","link":"https:\/\/laserenaradio.cl\/web\/2025\/06\/01\/boric-anuncia-ley-para-facilitar-fertilizacion-asistida-y-legalizar-el-aborto\/","title":{"rendered":"Boric anuncia ley para facilitar fertilizaci\u00f3n asistida y legalizar el aborto."},"content":{"rendered":"<p>El presidente Gabriel Boric anunci\u00f3 instrucciones para la elaboraci\u00f3n de un proyecto de ley sobre fertilizaci\u00f3n asistida durante su Cuenta P\u00fablica. Este anuncio surge tras escuchar cientos de mujeres con dificultades para tener hijos, seg\u00fan el jefe de Estado. &#8220;He instruido a nuestra ministra de Salud elaborar y presentar un proyecto de ley para facilitar la fertilizaci\u00f3n asistida, tomando como base las mociones que han sido presentadas en este parlamento&#8221;, dijo Boric.<\/p>\n<p>Paralelamente, Boric abord\u00f3 el controvertido tema del aborto. &#8220;Cumpliendo con el compromiso que adquir\u00ed en este mismo lugar hace un a\u00f1o, hemos ingresado a este Congreso un proyecto de ley que termina con la ilegalidad y penalizaci\u00f3n del aborto&#8221;, asegur\u00f3.<\/p>\n<p>Adem\u00e1s, el presidente se\u00f1al\u00f3 que por demasiado tiempo se ha tratado a mujeres que abortan como criminales. &#8220;Son miles de mujeres al a\u00f1o, aunque no las quieran ver y se les ha obligado a la clandestinidad&#8221;, afirm\u00f3 Boric.<\/p>\n<p>Frente a este proyecto, hubo reacciones diversas en el Sal\u00f3n de Honor del Congreso. Parlamentarias del Frente Amplio levantaron pa\u00f1uelos verdes mientras que congresistas del Partido Social Cristiano alzaron pa\u00f1uelos celestes, en contra de la legalizaci\u00f3n.<\/p>\n<p>Finalmente, Boric inst\u00f3 a los legisladores a analizar la diversidad de opiniones sobre el tema de manera civilizada. &#8220;No vetando la discusi\u00f3n y menos neg\u00e1ndole el derecho de las mujeres a decidir&#8221;, concluy\u00f3.<\/p>\n","protected":false},"excerpt":{"rendered":"<p>El presidente Gabriel Boric anunci\u00f3 instrucciones para la elaboraci\u00f3n de un proyecto de ley sobre fertilizaci\u00f3n asistida durante su Cuenta P\u00fablica. Este anuncio surge tras escuchar cientos de mujeres con dificultades para tener hijos, seg\u00fan el jefe de Estado. &#8220;He instruido a nuestra ministra de Salud elaborar y presentar un proyecto de ley para facilitar [&hellip;]<\/p>\n","protected":false},"author":2,"featured_media":16030,"comment_status":"closed","ping_status":"open","sticky":false,"template":"","format":"standard","meta":{"_jetpack_memberships_contains_paid_content":false,"jnews-multi-image_gallery":[],"jnews_single_post":[],"jnews_primary_category":[],"jnews_social_meta":[],"jnews_paywall_metabox":[],"jnews_review":[],"enable_review":"","type":"","name":"","summary":"","brand":"","sku":"","good":[],"bad":[],"score_override":"","override_value":"","rating":[],"price":[],"jnews_override_counter":[],"jnews_post_split":[],"footnotes":""},"categories":[83],"tags":[],"class_list":["post-16031","post","type-post","status-publish","format-standard","has-post-thumbnail","hentry","category-politica"],"jetpack_featured_media_url":"https:\/\/laserenaradio.cl\/web\/wp-content\/uploads\/2025\/06\/homepiaiextractoscrapimg_predeterminadalaserenaradio_ultimo_minuto.webp","jetpack_sharing_enabled":true,"_links":{"self":[{"href":"https:\/\/laserenaradio.cl\/web\/wp-json\/wp\/v2\/posts\/16031","targetHints":{"allow":["GET"]}}],"collection":[{"href":"https:\/\/laserenaradio.cl\/web\/wp-json\/wp\/v2\/posts"}],"about":[{"href":"https:\/\/laserenaradio.cl\/web\/wp-json\/wp\/v2\/types\/post"}],"author":[{"embeddable":true,"href":"https:\/\/laserenaradio.cl\/web\/wp-json\/wp\/v2\/users\/2"}],"replies":[{"embeddable":true,"href":"https:\/\/laserenaradio.cl\/web\/wp-json\/wp\/v2\/comments?post=16031"}],"version-history":[{"count":1,"href":"https:\/\/laserenaradio.cl\/web\/wp-json\/wp\/v2\/posts\/16031\/revisions"}],"predecessor-version":[{"id":16032,"href":"https:\/\/laserenaradio.cl\/web\/wp-json\/wp\/v2\/posts\/16031\/revisions\/16032"}],"wp:featuredmedia":[{"embeddable":true,"href":"https:\/\/laserenaradio.cl\/web\/wp-json\/wp\/v2\/media\/16030"}],"wp:attachment":[{"href":"https:\/\/laserenaradio.cl\/web\/wp-json\/wp\/v2\/media?parent=16031"}],"wp:term":[{"taxonomy":"category","embeddable":true,"href":"https:\/\/laserenaradio.cl\/web\/wp-json\/wp\/v2\/categories?post=16031"},{"taxonomy":"post_tag","embeddable":true,"href":"https:\/\/laserenaradio.cl\/web\/wp-json\/wp\/v2\/tags?post=16031"}],"curies":[{"name":"wp","href":"https:\/\/api.w.org\/{rel}","templated":true}]}}