{"id":16028,"date":"2025-06-01T12:46:07","date_gmt":"2025-06-01T15:46:07","guid":{"rendered":"https:\/\/laserenaradio.cl\/web\/?p=16028"},"modified":"2025-06-01T12:46:07","modified_gmt":"2025-06-01T15:46:07","slug":"boric-analiza-el-estallido-social-de-2019","status":"publish","type":"post","link":"https:\/\/laserenaradio.cl\/web\/2025\/06\/01\/boric-analiza-el-estallido-social-de-2019\/","title":{"rendered":"Boric analiza el Estallido Social de 2019"},"content":{"rendered":"<p>Durante este domingo 1 de junio se llev\u00f3 a cabo la \u00faltima Cuenta P\u00fablica del presidente Gabriel Boric. En este sentido, se refiri\u00f3 al Estallido Social de 2019, donde realiz\u00f3 una cr\u00edtica transversal a lo ocurrido.<\/p>\n<p>El mandatario afirm\u00f3 que &#8220;el Estallido Social de 2019 fue la expresi\u00f3n de un leg\u00edtimo malestar acumulado en el marco de un proceso de modernizaci\u00f3n acelerado de nuestra sociedad y que expres\u00f3 en esos meses todas sus contradicciones&#8221;.<\/p>\n<p>Sin embargo, reconoci\u00f3 que &#8220;hubo episodios de violencia inaceptables que no pueden ser justificados, como la quema del Metro, la destrucci\u00f3n de patrimonio p\u00fablico y privado y la agresi\u00f3n a <a href=\"https:\/\/www.carabineros.cl\/\">Carabineros<\/a>&#8220;. <\/p>\n<p>Pese a lo anterior, tambi\u00e9n reconoci\u00f3 que en la &#8220;respuesta por parte del Estado se cometieron graves e inexcusables violaciones a los derechos humanos, incluso con resultado de muerte y lesiones grav\u00edsimas, muchas de las cuales a\u00fan esperan justicia&#8221;.<\/p>\n<p>Muchos han discutido sobre el significado de estos eventos, pero si hay algo que no se puede negar es que la gran mayor\u00eda de quienes participaron en las manifestaciones lo hicieron de forma pac\u00edfica y con una gran voluntad de cambio. Con el paso del tiempo, quiz\u00e1s no suficiente a\u00fan para tener una evaluaci\u00f3n hist\u00f3rica, pero s\u00ed para sacar aprendizajes, me atrevo a afirmar que los chilenos y chilenas exigieron terminar con los abusos, acceder a m\u00e1s derechos y bienestar y tener una voz protag\u00f3nica en el devenir de la patria.<\/p>\n<p>Adem\u00e1s, el jefe de Estado agreg\u00f3 que &#8220;por un lado, se ha tratado de resignificar este periodo como un mero ejercicio de violencia desbocada, llegando a tildarlo incluso estallido delictual, lo que insulta a todos quienes participaron pac\u00edficamente de este y desconoce las causas profundas que generaban ese leg\u00edtimo malestar&#8221;.<\/p>\n<p>La m\u00e1xima autoridad nacional acot\u00f3 que &#8220;no todo estaba bien, pero no todo estaba mal&#8221;. &#8220;Y es que la ansiedad por sintonizar inmediatamente con alg\u00fan sector determinado de la poblaci\u00f3n sin hacer una reflexi\u00f3n pausada, demostr\u00f3 para cualquiera de los sectores pol\u00edticos no ser un buen camino&#8221;.<\/p>\n","protected":false},"excerpt":{"rendered":"<p>Durante este domingo 1 de junio se llev\u00f3 a cabo la \u00faltima Cuenta P\u00fablica del presidente Gabriel Boric. En este sentido, se refiri\u00f3 al Estallido Social de 2019, donde realiz\u00f3 una cr\u00edtica transversal a lo ocurrido. El mandatario afirm\u00f3 que &#8220;el Estallido Social de 2019 fue la expresi\u00f3n de un leg\u00edtimo malestar acumulado en el [&hellip;]<\/p>\n","protected":false},"author":2,"featured_media":16027,"comment_status":"closed","ping_status":"open","sticky":false,"template":"","format":"standard","meta":{"_jetpack_memberships_contains_paid_content":false,"jnews-multi-image_gallery":[],"jnews_single_post":[],"jnews_primary_category":[],"jnews_social_meta":[],"jnews_paywall_metabox":[],"jnews_review":[],"enable_review":"","type":"","name":"","summary":"","brand":"","sku":"","good":[],"bad":[],"score_override":"","override_value":"","rating":[],"price":[],"jnews_override_counter":[],"jnews_post_split":[],"footnotes":""},"categories":[83],"tags":[],"class_list":["post-16028","post","type-post","status-publish","format-standard","has-post-thumbnail","hentry","category-politica"],"jetpack_featured_media_url":"https:\/\/laserenaradio.cl\/web\/wp-content\/uploads\/2025\/06\/homepiaiextractoscrapimg_webpBoricEstallido_1.webp","jetpack_sharing_enabled":true,"_links":{"self":[{"href":"https:\/\/laserenaradio.cl\/web\/wp-json\/wp\/v2\/posts\/16028","targetHints":{"allow":["GET"]}}],"collection":[{"href":"https:\/\/laserenaradio.cl\/web\/wp-json\/wp\/v2\/posts"}],"about":[{"href":"https:\/\/laserenaradio.cl\/web\/wp-json\/wp\/v2\/types\/post"}],"author":[{"embeddable":true,"href":"https:\/\/laserenaradio.cl\/web\/wp-json\/wp\/v2\/users\/2"}],"replies":[{"embeddable":true,"href":"https:\/\/laserenaradio.cl\/web\/wp-json\/wp\/v2\/comments?post=16028"}],"version-history":[{"count":1,"href":"https:\/\/laserenaradio.cl\/web\/wp-json\/wp\/v2\/posts\/16028\/revisions"}],"predecessor-version":[{"id":16029,"href":"https:\/\/laserenaradio.cl\/web\/wp-json\/wp\/v2\/posts\/16028\/revisions\/16029"}],"wp:featuredmedia":[{"embeddable":true,"href":"https:\/\/laserenaradio.cl\/web\/wp-json\/wp\/v2\/media\/16027"}],"wp:attachment":[{"href":"https:\/\/laserenaradio.cl\/web\/wp-json\/wp\/v2\/media?parent=16028"}],"wp:term":[{"taxonomy":"category","embeddable":true,"href":"https:\/\/laserenaradio.cl\/web\/wp-json\/wp\/v2\/categories?post=16028"},{"taxonomy":"post_tag","embeddable":true,"href":"https:\/\/laserenaradio.cl\/web\/wp-json\/wp\/v2\/tags?post=16028"}],"curies":[{"name":"wp","href":"https:\/\/api.w.org\/{rel}","templated":true}]}}