{"id":16025,"date":"2025-06-01T12:38:47","date_gmt":"2025-06-01T15:38:47","guid":{"rendered":"https:\/\/laserenaradio.cl\/web\/?p=16025"},"modified":"2025-06-01T12:38:47","modified_gmt":"2025-06-01T15:38:47","slug":"la-ultima-cuenta-publica-de-boric","status":"publish","type":"post","link":"https:\/\/laserenaradio.cl\/web\/2025\/06\/01\/la-ultima-cuenta-publica-de-boric\/","title":{"rendered":"La \u00faltima Cuenta P\u00fablica de Boric"},"content":{"rendered":"<p>El Presidente Gabriel Boric se preparaba el domingo para pronunciar su \u00faltima Cuenta P\u00fablica del gobierno. A destacar los hitos significativos de la ceremonia en el Sal\u00f3n de Honor del Congreso:<\/p>\n<p>11:10 Durante su llegada al recinto, el Presidente Boric salud\u00f3 a asistentes cercanos a la alfombra, incluyendo un cordial intercambio con la exmandataria Michelle Bachelet. <\/p>\n<p>Hay expectaci\u00f3n por una serie de temas que preocupan a la clase pol\u00edtica, entre los cuales destaca la reactivaci\u00f3n econ\u00f3mica. A diferencia del \u00e1mbito de la seguridad, donde se ha logrado avanzar considerablemente, hay consenso en que el tema econ\u00f3mico requiere m\u00e1s atenci\u00f3n y medidas efectivas.<\/p>\n<p>En un giro inesperado, las conversaciones previas a la ceremonia tambi\u00e9n trataron sobre el reciente esc\u00e1ndalo internacional relacionado con Israel y Gaza. El Mandatario decidi\u00f3 retirar al agregado de Defensa en Tel Aviv, lo que podr\u00eda significar una posible ruptura de relaciones diplom\u00e1ticas con ese pa\u00eds, un anuncio que no ser\u00eda bien recibido por la clase pol\u00edtica.<\/p>\n<p>Asimismo, las conversaciones informales entre asistentes mencionaron la posible llegada a la luz del mundo de Violeta, hija del Mandatario. Como precauci\u00f3n, se prepar\u00f3 una sala en el Congreso para darles las primeras atenciones.<\/p>\n<p>El brillo del sol que iluminaba la sede del Congreso Nacional en Valpara\u00edso presagiaba un d\u00eda de gran importancia para el pa\u00eds.<\/p>\n","protected":false},"excerpt":{"rendered":"<p>El Presidente Gabriel Boric se preparaba el domingo para pronunciar su \u00faltima Cuenta P\u00fablica del gobierno. A destacar los hitos significativos de la ceremonia en el Sal\u00f3n de Honor del Congreso: 11:10 Durante su llegada al recinto, el Presidente Boric salud\u00f3 a asistentes cercanos a la alfombra, incluyendo un cordial intercambio con la exmandataria Michelle [&hellip;]<\/p>\n","protected":false},"author":2,"featured_media":16024,"comment_status":"closed","ping_status":"open","sticky":false,"template":"","format":"standard","meta":{"_jetpack_memberships_contains_paid_content":false,"jnews-multi-image_gallery":[],"jnews_single_post":[],"jnews_primary_category":[],"jnews_social_meta":[],"jnews_paywall_metabox":[],"jnews_review":[],"enable_review":"","type":"","name":"","summary":"","brand":"","sku":"","good":[],"bad":[],"score_override":"","override_value":"","rating":[],"price":[],"jnews_override_counter":[],"jnews_post_split":[],"footnotes":""},"categories":[83],"tags":[],"class_list":["post-16025","post","type-post","status-publish","format-standard","has-post-thumbnail","hentry","category-politica"],"jetpack_featured_media_url":"https:\/\/laserenaradio.cl\/web\/wp-content\/uploads\/2025\/06\/homepiaiextractoscrapimg_webpCuentaceremoniaCongresollegada_1.webp","jetpack_sharing_enabled":true,"_links":{"self":[{"href":"https:\/\/laserenaradio.cl\/web\/wp-json\/wp\/v2\/posts\/16025","targetHints":{"allow":["GET"]}}],"collection":[{"href":"https:\/\/laserenaradio.cl\/web\/wp-json\/wp\/v2\/posts"}],"about":[{"href":"https:\/\/laserenaradio.cl\/web\/wp-json\/wp\/v2\/types\/post"}],"author":[{"embeddable":true,"href":"https:\/\/laserenaradio.cl\/web\/wp-json\/wp\/v2\/users\/2"}],"replies":[{"embeddable":true,"href":"https:\/\/laserenaradio.cl\/web\/wp-json\/wp\/v2\/comments?post=16025"}],"version-history":[{"count":1,"href":"https:\/\/laserenaradio.cl\/web\/wp-json\/wp\/v2\/posts\/16025\/revisions"}],"predecessor-version":[{"id":16026,"href":"https:\/\/laserenaradio.cl\/web\/wp-json\/wp\/v2\/posts\/16025\/revisions\/16026"}],"wp:featuredmedia":[{"embeddable":true,"href":"https:\/\/laserenaradio.cl\/web\/wp-json\/wp\/v2\/media\/16024"}],"wp:attachment":[{"href":"https:\/\/laserenaradio.cl\/web\/wp-json\/wp\/v2\/media?parent=16025"}],"wp:term":[{"taxonomy":"category","embeddable":true,"href":"https:\/\/laserenaradio.cl\/web\/wp-json\/wp\/v2\/categories?post=16025"},{"taxonomy":"post_tag","embeddable":true,"href":"https:\/\/laserenaradio.cl\/web\/wp-json\/wp\/v2\/tags?post=16025"}],"curies":[{"name":"wp","href":"https:\/\/api.w.org\/{rel}","templated":true}]}}