{"id":16019,"date":"2025-06-01T10:39:09","date_gmt":"2025-06-01T13:39:09","guid":{"rendered":"https:\/\/laserenaradio.cl\/web\/?p=16019"},"modified":"2025-06-01T10:39:09","modified_gmt":"2025-06-01T13:39:09","slug":"la-cuenta-publica-de-gabriel-boric-balance-y-desafios-para-su-mandato","status":"publish","type":"post","link":"https:\/\/laserenaradio.cl\/web\/2025\/06\/01\/la-cuenta-publica-de-gabriel-boric-balance-y-desafios-para-su-mandato\/","title":{"rendered":"La cuenta p\u00fablica de Gabriel Boric: Balance y desaf\u00edos para su mandato"},"content":{"rendered":"<p>A tan solo horas de la cuarta y \u00faltima Cuenta P\u00fablica del presidente Gabriel Boric, pol\u00edticos, gremios y el mismo gobierno han mostrado su postura respecto a lo realizado durante su mandato. En nueve meses finalizar\u00e1 su gesti\u00f3n con promesas pendientes, pero tambi\u00e9n logros significativos.<\/p>\n<p>Uno de los focos principales ser\u00e1 el balance de la administraci\u00f3n. La ministra vocera del gobierno, Ais\u00e9n Etcheverry, inform\u00f3 que medidas culminaron con la salida de agregados militares. Sin embargo, solo 5 de los 32 proyectos de ley han sido aprobados del Fast Track en seguridad. Entre ellos, destaca la creaci\u00f3n del Ministerio de Seguridad promulgada en febrero.<\/p>\n<p>Respecto al empleo, se espera que se generen 700 mil nuevos puestos durante el mandato actual, pero hasta ahora solo se han creado aproximadamente 590 mil. Desde la oposici\u00f3n, hay escepticismo respecto a alcanzar la meta. La diputada Sof\u00eda Cid (RN) expres\u00f3 su falta de expectativas, mientras que Boris Barrera (PC) destaca el baj\u00f3 nivel de informalidad.<\/p>\n<p>En materia econ\u00f3mica, el Instituto Nacional de Estad\u00edsticas comunic\u00f3 un crecimiento nulo en el \u00cdndice de Producci\u00f3n Manufacturera. El Banco Central revel\u00f3 que el Producto Interno Bruto aument\u00f3 2,3% durante el primer trimestre de 2025, mientras las expectativas del mercado apuntaban a 2%. Jos\u00e9 Manuel Mena, presidente de la Asociaci\u00f3n de Bancos, afirm\u00f3 que la Cuenta P\u00fablica debe enfocarse en fortalecer la productividad y mitigar la informalidad.<\/p>\n<p>La negociaci\u00f3n colectiva ramal prometida por Boric para mejorar condiciones salariales a\u00fan no ha ingresado al Congreso. La Central Unitaria de Trabajadores espera que el Mandatario cumpla con lo prometido, mientras que Iv\u00e1n Flores (DC) y Juan Manuel Fuenzalida (UDI) expresan decepci\u00f3n sobre la gesti\u00f3n en salud y vivienda.<\/p>\n<p>El Partido Comunista anunci\u00f3 una agenda de siete proyectos de ley para justicia social, salud y trabajo. Sin embargo, el Frente Amplio defiende la gesti\u00f3n del gobierno al se\u00f1alar que Chile ha mejorado significativamente bajo su mandato.<\/p>\n<p>La jornada protocolar iniciar\u00e1 a las 9:30 horas en el Palacio Presidencial Cerro Castillo, con una fotograf\u00eda oficial junto al gabinete. Posteriormente, a las 11:00 horas, el Mandatario entregar\u00e1 el mensaje al Congreso Pleno que marcar\u00e1 la hoja de ruta de La Moneda en los \u00faltimos 9 meses restantes de su administraci\u00f3n.<\/p>\n","protected":false},"excerpt":{"rendered":"<p>A tan solo horas de la cuarta y \u00faltima Cuenta P\u00fablica del presidente Gabriel Boric, pol\u00edticos, gremios y el mismo gobierno han mostrado su postura respecto a lo realizado durante su mandato. En nueve meses finalizar\u00e1 su gesti\u00f3n con promesas pendientes, pero tambi\u00e9n logros significativos. Uno de los focos principales ser\u00e1 el balance de la [&hellip;]<\/p>\n","protected":false},"author":2,"featured_media":16018,"comment_status":"closed","ping_status":"open","sticky":false,"template":"","format":"standard","meta":{"_jetpack_memberships_contains_paid_content":false,"jnews-multi-image_gallery":[],"jnews_single_post":[],"jnews_primary_category":[],"jnews_social_meta":[],"jnews_paywall_metabox":[],"jnews_review":[],"enable_review":"","type":"","name":"","summary":"","brand":"","sku":"","good":[],"bad":[],"score_override":"","override_value":"","rating":[],"price":[],"jnews_override_counter":[],"jnews_post_split":[],"footnotes":""},"categories":[83],"tags":[],"class_list":["post-16019","post","type-post","status-publish","format-standard","has-post-thumbnail","hentry","category-politica"],"jetpack_featured_media_url":"https:\/\/laserenaradio.cl\/web\/wp-content\/uploads\/2025\/06\/homepiaiextractoscrapimg_predeterminadalaserenaradio_politica-1.webp","jetpack_sharing_enabled":true,"_links":{"self":[{"href":"https:\/\/laserenaradio.cl\/web\/wp-json\/wp\/v2\/posts\/16019","targetHints":{"allow":["GET"]}}],"collection":[{"href":"https:\/\/laserenaradio.cl\/web\/wp-json\/wp\/v2\/posts"}],"about":[{"href":"https:\/\/laserenaradio.cl\/web\/wp-json\/wp\/v2\/types\/post"}],"author":[{"embeddable":true,"href":"https:\/\/laserenaradio.cl\/web\/wp-json\/wp\/v2\/users\/2"}],"replies":[{"embeddable":true,"href":"https:\/\/laserenaradio.cl\/web\/wp-json\/wp\/v2\/comments?post=16019"}],"version-history":[{"count":1,"href":"https:\/\/laserenaradio.cl\/web\/wp-json\/wp\/v2\/posts\/16019\/revisions"}],"predecessor-version":[{"id":16020,"href":"https:\/\/laserenaradio.cl\/web\/wp-json\/wp\/v2\/posts\/16019\/revisions\/16020"}],"wp:featuredmedia":[{"embeddable":true,"href":"https:\/\/laserenaradio.cl\/web\/wp-json\/wp\/v2\/media\/16018"}],"wp:attachment":[{"href":"https:\/\/laserenaradio.cl\/web\/wp-json\/wp\/v2\/media?parent=16019"}],"wp:term":[{"taxonomy":"category","embeddable":true,"href":"https:\/\/laserenaradio.cl\/web\/wp-json\/wp\/v2\/categories?post=16019"},{"taxonomy":"post_tag","embeddable":true,"href":"https:\/\/laserenaradio.cl\/web\/wp-json\/wp\/v2\/tags?post=16019"}],"curies":[{"name":"wp","href":"https:\/\/api.w.org\/{rel}","templated":true}]}}