{"id":16013,"date":"2025-06-01T00:43:10","date_gmt":"2025-06-01T03:43:10","guid":{"rendered":"https:\/\/laserenaradio.cl\/web\/?p=16013"},"modified":"2025-06-01T00:43:10","modified_gmt":"2025-06-01T03:43:10","slug":"gabriel-boric-presenta-cuenta-publica-final-antes-de-su-retiro","status":"publish","type":"post","link":"https:\/\/laserenaradio.cl\/web\/2025\/06\/01\/gabriel-boric-presenta-cuenta-publica-final-antes-de-su-retiro\/","title":{"rendered":"Gabriel Boric presenta Cuenta P\u00fablica final antes de su retiro"},"content":{"rendered":"<p>Ma\u00f1ana ser\u00e1 la \u00faltima Cuenta P\u00fablica del presidente Gabriel Boric. La instancia se da en un contexto marcado por promesas pendientes, como la creaci\u00f3n de 700 mil empleos, y tensiones en la pol\u00edtica exterior, especialmente sobre Israel.<\/p>\n<p>Cerca de las 11 de la ma\u00f1ana de este domingo, el Presidente ingresar\u00e1 al Congreso Nacional, para dar cuenta del estado de la administraci\u00f3n. En este contexto, el mi\u00e9rcoles el gobierno orden\u00f3 a su embajada en Israel notificar &#8220;a las autoridades de ese pa\u00eds el retiro de los agregados militares&#8221; por lo que consideraron como &#8220;la grav\u00edsima situaci\u00f3n humanitaria que vive hoy la poblaci\u00f3n palestina en la Franja de Gaza&#8221;. Luego de esta acci\u00f3n, el ministro de Relaciones Exteriores, Alberto Van Klaveren, explic\u00f3 que se mantendr\u00e1n las relaciones entre Israel y Chile. Sobre esto mismo, la vocera de gobierno subrogante, Ays\u00e9n Etcheverry, llam\u00f3 a no hacer especulaciones.<\/p>\n<p>El diputado del partido Ecologista Verde e integrante de la comisi\u00f3n de Relaciones Exteriores, F\u00e9lix Gonz\u00e1lez, indic\u00f3 que cortar las relaciones entre Chile e Israel ser\u00eda un error. Tambi\u00e9n, espera que el gobierno ejecute medidas concretas condenando el actuar de Israel.<\/p>\n<p>Una de las grandes promesas que realiz\u00f3 el presidente en la Cuenta P\u00fablica 2023 fue que al t\u00e9rmino de este Gobierno, en Chile se habr\u00e1n generado m\u00e1s de 700 mil nuevos empleos, de los cuales actualmente se generaron 590 mil. Ante esto, el diputado integrante de la comisi\u00f3n de Econom\u00eda, Miguel \u00c1ngel Calisto, afirm\u00f3 que la meta del Ejecutivo es imposible de concretar durante esta administraci\u00f3n, porque se han generado las condiciones contrarias para ello.<\/p>\n<p>Por su parte, la diputada de la UDI y miembro de la misma comisi\u00f3n, Flor Weisse, asegur\u00f3 que el gobierno deber\u00eda avanzar en un plan para la permisolog\u00eda, y para la reactivaci\u00f3n de la inversi\u00f3n y el empleo. Mientras que, el expresidente de la Asociaci\u00f3n de Bancos, Alejandro Alarc\u00f3n, tambi\u00e9n comparte que el objetivo del gobierno de la creaci\u00f3n de empleos es complejo y argumenta que se debe examinar el tipo de trabajo que se est\u00e1 generando.<\/p>\n<p>Una variable que Alarc\u00f3n considera importante es la inversi\u00f3n, la cual est\u00e1 cayendo y eso tiene efectos negativos en el crecimiento y la productividad.<\/p>\n","protected":false},"excerpt":{"rendered":"<p>Ma\u00f1ana ser\u00e1 la \u00faltima Cuenta P\u00fablica del presidente Gabriel Boric. La instancia se da en un contexto marcado por promesas pendientes, como la creaci\u00f3n de 700 mil empleos, y tensiones en la pol\u00edtica exterior, especialmente sobre Israel. Cerca de las 11 de la ma\u00f1ana de este domingo, el Presidente ingresar\u00e1 al Congreso Nacional, para dar [&hellip;]<\/p>\n","protected":false},"author":2,"featured_media":16012,"comment_status":"closed","ping_status":"open","sticky":false,"template":"","format":"standard","meta":{"_jetpack_memberships_contains_paid_content":false,"jnews-multi-image_gallery":[],"jnews_single_post":[],"jnews_primary_category":[],"jnews_social_meta":[],"jnews_paywall_metabox":[],"jnews_review":[],"enable_review":"","type":"","name":"","summary":"","brand":"","sku":"","good":[],"bad":[],"score_override":"","override_value":"","rating":[],"price":[],"jnews_override_counter":[],"jnews_post_split":[],"footnotes":""},"categories":[83],"tags":[],"class_list":["post-16013","post","type-post","status-publish","format-standard","has-post-thumbnail","hentry","category-politica"],"jetpack_featured_media_url":"https:\/\/laserenaradio.cl\/web\/wp-content\/uploads\/2025\/06\/homepiaiextractoscrapimg_predeterminadalaserenaradio_politica.webp","jetpack_sharing_enabled":true,"_links":{"self":[{"href":"https:\/\/laserenaradio.cl\/web\/wp-json\/wp\/v2\/posts\/16013","targetHints":{"allow":["GET"]}}],"collection":[{"href":"https:\/\/laserenaradio.cl\/web\/wp-json\/wp\/v2\/posts"}],"about":[{"href":"https:\/\/laserenaradio.cl\/web\/wp-json\/wp\/v2\/types\/post"}],"author":[{"embeddable":true,"href":"https:\/\/laserenaradio.cl\/web\/wp-json\/wp\/v2\/users\/2"}],"replies":[{"embeddable":true,"href":"https:\/\/laserenaradio.cl\/web\/wp-json\/wp\/v2\/comments?post=16013"}],"version-history":[{"count":1,"href":"https:\/\/laserenaradio.cl\/web\/wp-json\/wp\/v2\/posts\/16013\/revisions"}],"predecessor-version":[{"id":16014,"href":"https:\/\/laserenaradio.cl\/web\/wp-json\/wp\/v2\/posts\/16013\/revisions\/16014"}],"wp:featuredmedia":[{"embeddable":true,"href":"https:\/\/laserenaradio.cl\/web\/wp-json\/wp\/v2\/media\/16012"}],"wp:attachment":[{"href":"https:\/\/laserenaradio.cl\/web\/wp-json\/wp\/v2\/media?parent=16013"}],"wp:term":[{"taxonomy":"category","embeddable":true,"href":"https:\/\/laserenaradio.cl\/web\/wp-json\/wp\/v2\/categories?post=16013"},{"taxonomy":"post_tag","embeddable":true,"href":"https:\/\/laserenaradio.cl\/web\/wp-json\/wp\/v2\/tags?post=16013"}],"curies":[{"name":"wp","href":"https:\/\/api.w.org\/{rel}","templated":true}]}}