{"id":15983,"date":"2025-05-30T13:02:04","date_gmt":"2025-05-30T16:02:04","guid":{"rendered":"https:\/\/laserenaradio.cl\/web\/?p=15983"},"modified":"2025-05-30T13:02:04","modified_gmt":"2025-05-30T16:02:04","slug":"jeannette-jara-inicia-campana-presidencial-con-criticas-a-la-derecha","status":"publish","type":"post","link":"https:\/\/laserenaradio.cl\/web\/2025\/05\/30\/jeannette-jara-inicia-campana-presidencial-con-criticas-a-la-derecha\/","title":{"rendered":"Jeannette Jara inicia campa\u00f1a presidencial con cr\u00edticas a la derecha"},"content":{"rendered":"<p>Jeannette Jara, candidata presidencial del Partido Comunista, dio inicio oficial a su campa\u00f1a para las primarias presidenciales en la salida del Metro Grecia. En este evento, se refiri\u00f3 al estallido social de 2019 y critic\u00f3 a la derecha chilena.<\/p>\n<p>&#8220;Yo soy de la idea de que en nuestro pa\u00eds los temas hay que discutirlos, que adem\u00e1s no se puede tapar el sol con un dedo&#8221;, comenz\u00f3 se\u00f1alando. &#8220;Por ejemplo, en el estallido social a la derecha le encanta decir que fue un tema delictual y no es verdad. La gente sali\u00f3 a protestar porque estaba aburrida de que abusaran de ellas&#8221;, enfatiz\u00f3 aludiendo a pensiones y salud privada.<\/p>\n<p>La exministra a\u00f1adi\u00f3 que &#8220;algunos tienen la memoria muy corta, pero este pa\u00eds hay que construirlo con m\u00e1s cohesi\u00f3n social y para eso hay que hacerse cargo de los sentires, de los dolores de nuestro pa\u00eds&#8221;.<\/p>\n<p>Jara tambi\u00e9n se refiri\u00f3 a c\u00f3mo ha visto la campa\u00f1a de otros sectores pol\u00edticos. &#8220;La izquierda chilena quiere hacer una primaria abierta donde la gente elija a su candidata&#8221;, se\u00f1al\u00f3. &#8220;Nuestra campa\u00f1a va a tener un especial \u00e9nfasis en lo preventivo en materia de seguridad p\u00fablica, pero tambi\u00e9n en el fortalecimiento de las polic\u00edas con inteligencia policial y levantamiento del secreto bancario para perseguir la ruta del dinero&#8221;.<\/p>\n<p>La abanderada del PC lanz\u00f3 una cr\u00edtica a la campa\u00f1a de la derecha nacional: &#8220;Nosotros tenemos la disposici\u00f3n para someternos a escrutinio pero queremos que la gente participe, no como en la derecha, que no se pusieron ni siquiera de acuerdo para una primaria y tienen ganas de gobernar el pa\u00eds. No se gobiernan ni siquiera entre ellos&#8221;.<\/p>\n<p>Adem\u00e1s, Jara dijo que &#8220;nuestra campa\u00f1a va a estar desplegada en todo el territorio nacional&#8221; con comandos comunales casi en todo el pa\u00eds y un comando de voluntarios. La candidata finaliz\u00f3 su discurso enfatizando la necesidad de mejorar las condiciones sociales para las grandes mayor\u00edas del pa\u00eds, limitar la concentraci\u00f3n econ\u00f3mica y mejorar el salario a trav\u00e9s del sueldo vital.<\/p>\n","protected":false},"excerpt":{"rendered":"<p>Jeannette Jara, candidata presidencial del Partido Comunista, dio inicio oficial a su campa\u00f1a para las primarias presidenciales en la salida del Metro Grecia. En este evento, se refiri\u00f3 al estallido social de 2019 y critic\u00f3 a la derecha chilena. &#8220;Yo soy de la idea de que en nuestro pa\u00eds los temas hay que discutirlos, que [&hellip;]<\/p>\n","protected":false},"author":2,"featured_media":15982,"comment_status":"closed","ping_status":"open","sticky":false,"template":"","format":"standard","meta":{"_jetpack_memberships_contains_paid_content":false,"jnews-multi-image_gallery":[],"jnews_single_post":[],"jnews_primary_category":[],"jnews_social_meta":[],"jnews_paywall_metabox":[],"jnews_review":[],"enable_review":"","type":"","name":"","summary":"","brand":"","sku":"","good":[],"bad":[],"score_override":"","override_value":"","rating":[],"price":[],"jnews_override_counter":[],"jnews_post_split":[],"footnotes":""},"categories":[83],"tags":[],"class_list":["post-15983","post","type-post","status-publish","format-standard","has-post-thumbnail","hentry","category-politica"],"jetpack_featured_media_url":"https:\/\/laserenaradio.cl\/web\/wp-content\/uploads\/2025\/05\/homepiaiextractoscrapimg_webpderechacandidatasocialgente_0.webp","jetpack_sharing_enabled":true,"_links":{"self":[{"href":"https:\/\/laserenaradio.cl\/web\/wp-json\/wp\/v2\/posts\/15983","targetHints":{"allow":["GET"]}}],"collection":[{"href":"https:\/\/laserenaradio.cl\/web\/wp-json\/wp\/v2\/posts"}],"about":[{"href":"https:\/\/laserenaradio.cl\/web\/wp-json\/wp\/v2\/types\/post"}],"author":[{"embeddable":true,"href":"https:\/\/laserenaradio.cl\/web\/wp-json\/wp\/v2\/users\/2"}],"replies":[{"embeddable":true,"href":"https:\/\/laserenaradio.cl\/web\/wp-json\/wp\/v2\/comments?post=15983"}],"version-history":[{"count":1,"href":"https:\/\/laserenaradio.cl\/web\/wp-json\/wp\/v2\/posts\/15983\/revisions"}],"predecessor-version":[{"id":15984,"href":"https:\/\/laserenaradio.cl\/web\/wp-json\/wp\/v2\/posts\/15983\/revisions\/15984"}],"wp:featuredmedia":[{"embeddable":true,"href":"https:\/\/laserenaradio.cl\/web\/wp-json\/wp\/v2\/media\/15982"}],"wp:attachment":[{"href":"https:\/\/laserenaradio.cl\/web\/wp-json\/wp\/v2\/media?parent=15983"}],"wp:term":[{"taxonomy":"category","embeddable":true,"href":"https:\/\/laserenaradio.cl\/web\/wp-json\/wp\/v2\/categories?post=15983"},{"taxonomy":"post_tag","embeddable":true,"href":"https:\/\/laserenaradio.cl\/web\/wp-json\/wp\/v2\/tags?post=15983"}],"curies":[{"name":"wp","href":"https:\/\/api.w.org\/{rel}","templated":true}]}}