{"id":15944,"date":"2025-05-29T19:10:40","date_gmt":"2025-05-29T22:10:40","guid":{"rendered":"https:\/\/laserenaradio.cl\/web\/?p=15944"},"modified":"2025-05-29T19:10:40","modified_gmt":"2025-05-29T22:10:40","slug":"diputado-busca-eliminar-el-tope-de-11-anos-a-la-indemnizacion-por-anos-de-servicio","status":"publish","type":"post","link":"https:\/\/laserenaradio.cl\/web\/2025\/05\/29\/diputado-busca-eliminar-el-tope-de-11-anos-a-la-indemnizacion-por-anos-de-servicio\/","title":{"rendered":"Diputado busca eliminar el tope de 11 a\u00f1os a la indemnizaci\u00f3n por a\u00f1os de servicio."},"content":{"rendered":"<p>El diputado Diego Ib\u00e1\u00f1ez (FA) present\u00f3 un proyecto de ley que busca eliminar el tope de 11 a\u00f1os en la indemnizaci\u00f3n por a\u00f1os de servicio. Desde 2012 se han ingresado diversos proyectos al Congreso Nacional con el mismo objetivo, sin embargo, ninguno ha logrado avanzar de manera concreta.<\/p>\n<p>El parlamentario retom\u00f3 esta demanda hist\u00f3rica y destac\u00f3 que, como presidente de la Comisi\u00f3n de Trabajo, ya lo puso en tabla para su discusi\u00f3n y votaci\u00f3n dentro del pr\u00f3ximo mes. Hace unas semanas present\u00f3 un proyecto de ley para eliminar el tope de 11 a\u00f1os a la indemnizaci\u00f3n por a\u00f1os de servicio, al igual que m\u00e1s de cuatro proyectos anteriores que desde 2012 est\u00e1n durmiendo en el Congreso.<\/p>\n<p>El legislador explic\u00f3 que la propuesta busca restituir el principio fundacional del C\u00f3digo del Trabajo de 1931: \u201ca a\u00f1o trabajado, a\u00f1o pagado\u201d. Durante la dictadura, este derecho se recort\u00f3 a cinco a\u00f1os, y luego, en democracia, se extendi\u00f3 a once. Pero no hay una raz\u00f3n t\u00e9cnica o jur\u00eddica de peso para mantener ese tope. Lo justo es que se pague lo que se ha trabajado.<\/p>\n<p>Ib\u00e1\u00f1ez espera que el debate legislativo avance hacia un acuerdo transversal que corrija una deuda hist\u00f3rica con las y los trabajadores del pa\u00eds. Esperamos que se abra este debate y se genere un consenso para que esto avance. La indemnizaci\u00f3n por a\u00f1os de servicio debe ser una herramienta efectiva de protecci\u00f3n frente al despido, no una excepci\u00f3n con l\u00edmites arbitrarios.<\/p>\n","protected":false},"excerpt":{"rendered":"<p>El diputado Diego Ib\u00e1\u00f1ez (FA) present\u00f3 un proyecto de ley que busca eliminar el tope de 11 a\u00f1os en la indemnizaci\u00f3n por a\u00f1os de servicio. Desde 2012 se han ingresado diversos proyectos al Congreso Nacional con el mismo objetivo, sin embargo, ninguno ha logrado avanzar de manera concreta. El parlamentario retom\u00f3 esta demanda hist\u00f3rica y [&hellip;]<\/p>\n","protected":false},"author":2,"featured_media":15943,"comment_status":"closed","ping_status":"open","sticky":false,"template":"","format":"standard","meta":{"_jetpack_memberships_contains_paid_content":false,"jnews-multi-image_gallery":[],"jnews_single_post":[],"jnews_primary_category":[],"jnews_social_meta":[],"jnews_paywall_metabox":[],"jnews_review":[],"enable_review":"","type":"","name":"","summary":"","brand":"","sku":"","good":[],"bad":[],"score_override":"","override_value":"","rating":[],"price":[],"jnews_override_counter":[],"jnews_post_split":[],"footnotes":""},"categories":[83],"tags":[],"class_list":["post-15944","post","type-post","status-publish","format-standard","has-post-thumbnail","hentry","category-politica"],"jetpack_featured_media_url":"https:\/\/laserenaradio.cl\/web\/wp-content\/uploads\/2025\/05\/homepiaiextractoscrapimg_predeterminadalaserenaradio_politica-20.webp","jetpack_sharing_enabled":true,"_links":{"self":[{"href":"https:\/\/laserenaradio.cl\/web\/wp-json\/wp\/v2\/posts\/15944","targetHints":{"allow":["GET"]}}],"collection":[{"href":"https:\/\/laserenaradio.cl\/web\/wp-json\/wp\/v2\/posts"}],"about":[{"href":"https:\/\/laserenaradio.cl\/web\/wp-json\/wp\/v2\/types\/post"}],"author":[{"embeddable":true,"href":"https:\/\/laserenaradio.cl\/web\/wp-json\/wp\/v2\/users\/2"}],"replies":[{"embeddable":true,"href":"https:\/\/laserenaradio.cl\/web\/wp-json\/wp\/v2\/comments?post=15944"}],"version-history":[{"count":1,"href":"https:\/\/laserenaradio.cl\/web\/wp-json\/wp\/v2\/posts\/15944\/revisions"}],"predecessor-version":[{"id":15945,"href":"https:\/\/laserenaradio.cl\/web\/wp-json\/wp\/v2\/posts\/15944\/revisions\/15945"}],"wp:featuredmedia":[{"embeddable":true,"href":"https:\/\/laserenaradio.cl\/web\/wp-json\/wp\/v2\/media\/15943"}],"wp:attachment":[{"href":"https:\/\/laserenaradio.cl\/web\/wp-json\/wp\/v2\/media?parent=15944"}],"wp:term":[{"taxonomy":"category","embeddable":true,"href":"https:\/\/laserenaradio.cl\/web\/wp-json\/wp\/v2\/categories?post=15944"},{"taxonomy":"post_tag","embeddable":true,"href":"https:\/\/laserenaradio.cl\/web\/wp-json\/wp\/v2\/tags?post=15944"}],"curies":[{"name":"wp","href":"https:\/\/api.w.org\/{rel}","templated":true}]}}