{"id":15890,"date":"2025-05-28T15:34:00","date_gmt":"2025-05-28T18:34:00","guid":{"rendered":"https:\/\/laserenaradio.cl\/web\/?p=15890"},"modified":"2025-05-28T15:34:00","modified_gmt":"2025-05-28T18:34:00","slug":"carolina-toha-valoro-medida-del-gobierno-contra-israel","status":"publish","type":"post","link":"https:\/\/laserenaradio.cl\/web\/2025\/05\/28\/carolina-toha-valoro-medida-del-gobierno-contra-israel\/","title":{"rendered":"Carolina Toh\u00e1 valor\u00f3 medida del gobierno contra Israel"},"content":{"rendered":"<p>Carolina Toh\u00e1, precandidata presidencial del Socialismo Democr\u00e1tico, valor\u00f3 que el Gobierno retirara a los agregados militares de la embajada en Tel Aviv, tras la \u00faltima ofensiva de Israel en Gaza.<\/p>\n<p>Lo que estamos viviendo hoy d\u00eda en Gaza es una de las mayores crisis humanitarias que ha enfrentado el mundo en las \u00faltimas d\u00e9cadas, y esto es sin exagerar.<\/p>\n<p>No se puede condenar a un pueblo por los actos de un grupo terrorista como Ham\u00e1s. Eso va contra el derecho humanitario, va contra el derecho internacional, es inhumano.<\/p>\n<p>Toh\u00e1 postul\u00f3 que Chile debe tomar acci\u00f3n al respecto, solicitando el cese de las hostilidades y el funcionamiento de la ayuda humanitaria, instando a una salida que se base \u201cen el respeto de los dos Estados con fronteras reconocidas internacionalmente\u201d.<\/p>\n<p>As\u00ed, valor\u00f3 la reciente medida del Gobierno respecto a retirar los agregados militares, afirmando que \u201ces una buena decisi\u00f3n en el sentido de decir que no se puede tener colaboraci\u00f3n militar con un Estado que est\u00e1 cometiendo las atrocidades que est\u00e1 cometiendo Israel\u201d.<\/p>\n<p>Ahora, discrep\u00f3 de lo manifestado por la exministra del Trabajo, Jeannette Jara, quien inst\u00f3 a cortar las relaciones con Israel. Sobre ello, dijo: \u201cNuestra postura y la postura del Estado de Chile y la del actual Gobierno ha sido que en general romper relaciones no es un instrumento efectivo, solo hay que ocuparlo en casos muy particulares, muy extremos\u201d.<\/p>\n<p>Yo conf\u00edo en ese sentido en la evaluaci\u00f3n que est\u00e1 haciendo el Presidente de la Rep\u00fablica, y ojal\u00e1 encontremos una manera de tomar medidas que tengan un impacto directo en el conflicto, acot\u00f3 Toh\u00e1.<\/p>\n<p>A\u00fan as\u00ed, advirti\u00f3 que la situaci\u00f3n \u201cquiz\u00e1s ha llegado a un extremo en que uno no puede descartar ese instrumento, pero en general no hay que poner ah\u00ed el acento, porque su efectividad no es mucha, y lo que necesitamos son cosas que ayuden a resolver el asunto\u201d.<\/p>\n<p>Entonces, no es algo que se pueda descartar, pero no es un tipo de medida que en general en la pol\u00edtica exterior de Chile se haya priorizado, precisamente por su poca efectividad.<\/p>\n","protected":false},"excerpt":{"rendered":"<p>Carolina Toh\u00e1, precandidata presidencial del Socialismo Democr\u00e1tico, valor\u00f3 que el Gobierno retirara a los agregados militares de la embajada en Tel Aviv, tras la \u00faltima ofensiva de Israel en Gaza. Lo que estamos viviendo hoy d\u00eda en Gaza es una de las mayores crisis humanitarias que ha enfrentado el mundo en las \u00faltimas d\u00e9cadas, y [&hellip;]<\/p>\n","protected":false},"author":2,"featured_media":15889,"comment_status":"closed","ping_status":"open","sticky":false,"template":"","format":"standard","meta":{"_jetpack_memberships_contains_paid_content":false,"jnews-multi-image_gallery":[],"jnews_single_post":[],"jnews_primary_category":[],"jnews_social_meta":[],"jnews_paywall_metabox":[],"jnews_review":[],"enable_review":"","type":"","name":"","summary":"","brand":"","sku":"","good":[],"bad":[],"score_override":"","override_value":"","rating":[],"price":[],"jnews_override_counter":[],"jnews_post_split":[],"footnotes":""},"categories":[83],"tags":[],"class_list":["post-15890","post","type-post","status-publish","format-standard","has-post-thumbnail","hentry","category-politica"],"jetpack_featured_media_url":"https:\/\/laserenaradio.cl\/web\/wp-content\/uploads\/2025\/05\/homepiaiextractoscrapimg_webpIsraelGobiernopuedecontra_0.webp","jetpack_sharing_enabled":true,"_links":{"self":[{"href":"https:\/\/laserenaradio.cl\/web\/wp-json\/wp\/v2\/posts\/15890","targetHints":{"allow":["GET"]}}],"collection":[{"href":"https:\/\/laserenaradio.cl\/web\/wp-json\/wp\/v2\/posts"}],"about":[{"href":"https:\/\/laserenaradio.cl\/web\/wp-json\/wp\/v2\/types\/post"}],"author":[{"embeddable":true,"href":"https:\/\/laserenaradio.cl\/web\/wp-json\/wp\/v2\/users\/2"}],"replies":[{"embeddable":true,"href":"https:\/\/laserenaradio.cl\/web\/wp-json\/wp\/v2\/comments?post=15890"}],"version-history":[{"count":1,"href":"https:\/\/laserenaradio.cl\/web\/wp-json\/wp\/v2\/posts\/15890\/revisions"}],"predecessor-version":[{"id":15891,"href":"https:\/\/laserenaradio.cl\/web\/wp-json\/wp\/v2\/posts\/15890\/revisions\/15891"}],"wp:featuredmedia":[{"embeddable":true,"href":"https:\/\/laserenaradio.cl\/web\/wp-json\/wp\/v2\/media\/15889"}],"wp:attachment":[{"href":"https:\/\/laserenaradio.cl\/web\/wp-json\/wp\/v2\/media?parent=15890"}],"wp:term":[{"taxonomy":"category","embeddable":true,"href":"https:\/\/laserenaradio.cl\/web\/wp-json\/wp\/v2\/categories?post=15890"},{"taxonomy":"post_tag","embeddable":true,"href":"https:\/\/laserenaradio.cl\/web\/wp-json\/wp\/v2\/tags?post=15890"}],"curies":[{"name":"wp","href":"https:\/\/api.w.org\/{rel}","templated":true}]}}