{"id":15884,"date":"2025-05-28T13:10:25","date_gmt":"2025-05-28T16:10:25","guid":{"rendered":"https:\/\/laserenaradio.cl\/web\/?p=15884"},"modified":"2025-05-28T13:10:25","modified_gmt":"2025-05-28T16:10:25","slug":"el-gobierno-enviara-al-congreso-un-proyecto-para-legalizar-el-aborto-hasta-las-14-semanas-de-embarazo","status":"publish","type":"post","link":"https:\/\/laserenaradio.cl\/web\/2025\/05\/28\/el-gobierno-enviara-al-congreso-un-proyecto-para-legalizar-el-aborto-hasta-las-14-semanas-de-embarazo\/","title":{"rendered":"El gobierno enviar\u00e1 al Congreso un proyecto para legalizar el aborto hasta las 14 semanas de embarazo."},"content":{"rendered":"<p>El Gobierno presentar\u00e1 este mi\u00e9rcoles el proyecto de ley de Interrupci\u00f3n Voluntaria del Embarazo para su an\u00e1lisis en el Congreso Nacional. Hace un a\u00f1o, el presidente Gabriel Boric propuso un nuevo reglamento para tres causales y anunci\u00f3 una iniciativa para legalizar el aborto. La ministra Antonia Orellana explic\u00f3 que la Contralor\u00eda valid\u00f3 el reglamento, garantizando su implementaci\u00f3n a nivel nacional e, en particular, protegiendo a las ni\u00f1as en casos de violaci\u00f3n.<\/p>\n<p>Orellana enfatiz\u00f3 que este proyecto legaliza la interrupci\u00f3n voluntaria del embarazo hasta las 14 semanas, mientras que Aguilera, ministra de Salud, resalt\u00f3 el objetivo de asegurar que ninguna mujer sufra por practicarse un aborto. El costo estimado es de $2.600 millones y cubre medicamentos seguros seg\u00fan la Organizaci\u00f3n Mundial de la Salud.<\/p>\n<p>La estrategia incluye atenci\u00f3n primaria para los primeros 12 semanas, con derivaci\u00f3n a hospitales en casos m\u00e1s avanzados. Gajardo, ministro de Justicia, destac\u00f3 que el proyecto busca enderezar una injusta criminalizaci\u00f3n actual.<\/p>\n","protected":false},"excerpt":{"rendered":"<p>El Gobierno presentar\u00e1 este mi\u00e9rcoles el proyecto de ley de Interrupci\u00f3n Voluntaria del Embarazo para su an\u00e1lisis en el Congreso Nacional. Hace un a\u00f1o, el presidente Gabriel Boric propuso un nuevo reglamento para tres causales y anunci\u00f3 una iniciativa para legalizar el aborto. La ministra Antonia Orellana explic\u00f3 que la Contralor\u00eda valid\u00f3 el reglamento, garantizando [&hellip;]<\/p>\n","protected":false},"author":2,"featured_media":15883,"comment_status":"closed","ping_status":"open","sticky":false,"template":"","format":"standard","meta":{"_jetpack_memberships_contains_paid_content":false,"jnews-multi-image_gallery":[],"jnews_single_post":[],"jnews_primary_category":[],"jnews_social_meta":[],"jnews_paywall_metabox":[],"jnews_review":[],"enable_review":"","type":"","name":"","summary":"","brand":"","sku":"","good":[],"bad":[],"score_override":"","override_value":"","rating":[],"price":[],"jnews_override_counter":[],"jnews_post_split":[],"footnotes":""},"categories":[83],"tags":[],"class_list":["post-15884","post","type-post","status-publish","format-standard","has-post-thumbnail","hentry","category-politica"],"jetpack_featured_media_url":"https:\/\/laserenaradio.cl\/web\/wp-content\/uploads\/2025\/05\/homepiaiextractoscrapimg_webpabortosemanasreglamento_1.webp","jetpack_sharing_enabled":true,"_links":{"self":[{"href":"https:\/\/laserenaradio.cl\/web\/wp-json\/wp\/v2\/posts\/15884","targetHints":{"allow":["GET"]}}],"collection":[{"href":"https:\/\/laserenaradio.cl\/web\/wp-json\/wp\/v2\/posts"}],"about":[{"href":"https:\/\/laserenaradio.cl\/web\/wp-json\/wp\/v2\/types\/post"}],"author":[{"embeddable":true,"href":"https:\/\/laserenaradio.cl\/web\/wp-json\/wp\/v2\/users\/2"}],"replies":[{"embeddable":true,"href":"https:\/\/laserenaradio.cl\/web\/wp-json\/wp\/v2\/comments?post=15884"}],"version-history":[{"count":1,"href":"https:\/\/laserenaradio.cl\/web\/wp-json\/wp\/v2\/posts\/15884\/revisions"}],"predecessor-version":[{"id":15885,"href":"https:\/\/laserenaradio.cl\/web\/wp-json\/wp\/v2\/posts\/15884\/revisions\/15885"}],"wp:featuredmedia":[{"embeddable":true,"href":"https:\/\/laserenaradio.cl\/web\/wp-json\/wp\/v2\/media\/15883"}],"wp:attachment":[{"href":"https:\/\/laserenaradio.cl\/web\/wp-json\/wp\/v2\/media?parent=15884"}],"wp:term":[{"taxonomy":"category","embeddable":true,"href":"https:\/\/laserenaradio.cl\/web\/wp-json\/wp\/v2\/categories?post=15884"},{"taxonomy":"post_tag","embeddable":true,"href":"https:\/\/laserenaradio.cl\/web\/wp-json\/wp\/v2\/tags?post=15884"}],"curies":[{"name":"wp","href":"https:\/\/api.w.org\/{rel}","templated":true}]}}