{"id":15875,"date":"2025-05-28T11:00:02","date_gmt":"2025-05-28T14:00:02","guid":{"rendered":"https:\/\/laserenaradio.cl\/web\/?p=15875"},"modified":"2025-05-28T11:00:02","modified_gmt":"2025-05-28T14:00:02","slug":"franco-parisi-critica-decision-del-gobierno-de-chile-sobre-israel","status":"publish","type":"post","link":"https:\/\/laserenaradio.cl\/web\/2025\/05\/28\/franco-parisi-critica-decision-del-gobierno-de-chile-sobre-israel\/","title":{"rendered":"Franco Parisi critica decisi\u00f3n del gobierno de Chile sobre Israel."},"content":{"rendered":"<p>Parisi critica la retirada de agregados militares por parte del Gobierno en la embajada de Chile en Israel. La Canciller\u00eda explic\u00f3 que esta medida fue tomada en respuesta a la situaci\u00f3n humanitaria en Gaza. Al mismo tiempo, La Moneda demand\u00f3 a Israel detener las operaciones militares y permitir el acceso a ayuda humanitaria. En un comunicado, Parisi asegur\u00f3 que esta decisi\u00f3n pone en riesgo la reputaci\u00f3n internacional de Chile. Sostuvo que el presidente Boric comete un error grave en pol\u00edtica exterior al romper relaciones diplom\u00e1ticas con Israel.<\/p>\n<p>Seg\u00fan Parisi, romper las relaciones con una naci\u00f3n democr\u00e1tica durante un conflicto complejo representa una acci\u00f3n irresponsable que puede aislar a Chile en el escenario internacional. Afirm\u00f3 que esta medida aleja a Chile de reg\u00edmenes autoritarios como Cuba y Venezuela, aline\u00e1ndolo con una pol\u00edtica exterior ideologizada.<\/p>\n<p>El candidato presidencial del PDG insta a la defensa de una democracia abierta, rechazando el rumbo actual del gobierno. Sostiene que la pol\u00edtica exterior debe basarse en principios y los intereses nacionales.<\/p>\n","protected":false},"excerpt":{"rendered":"<p>Parisi critica la retirada de agregados militares por parte del Gobierno en la embajada de Chile en Israel. La Canciller\u00eda explic\u00f3 que esta medida fue tomada en respuesta a la situaci\u00f3n humanitaria en Gaza. Al mismo tiempo, La Moneda demand\u00f3 a Israel detener las operaciones militares y permitir el acceso a ayuda humanitaria. En un [&hellip;]<\/p>\n","protected":false},"author":2,"featured_media":15874,"comment_status":"closed","ping_status":"open","sticky":false,"template":"","format":"standard","meta":{"_jetpack_memberships_contains_paid_content":false,"jnews-multi-image_gallery":[],"jnews_single_post":[],"jnews_primary_category":[],"jnews_social_meta":[],"jnews_paywall_metabox":[],"jnews_review":[],"enable_review":"","type":"","name":"","summary":"","brand":"","sku":"","good":[],"bad":[],"score_override":"","override_value":"","rating":[],"price":[],"jnews_override_counter":[],"jnews_post_split":[],"footnotes":""},"categories":[83],"tags":[],"class_list":["post-15875","post","type-post","status-publish","format-standard","has-post-thumbnail","hentry","category-politica"],"jetpack_featured_media_url":"https:\/\/laserenaradio.cl\/web\/wp-content\/uploads\/2025\/05\/homepiaiextractoscrapimg_predeterminadalaserenaradio_politica-19.webp","jetpack_sharing_enabled":true,"_links":{"self":[{"href":"https:\/\/laserenaradio.cl\/web\/wp-json\/wp\/v2\/posts\/15875","targetHints":{"allow":["GET"]}}],"collection":[{"href":"https:\/\/laserenaradio.cl\/web\/wp-json\/wp\/v2\/posts"}],"about":[{"href":"https:\/\/laserenaradio.cl\/web\/wp-json\/wp\/v2\/types\/post"}],"author":[{"embeddable":true,"href":"https:\/\/laserenaradio.cl\/web\/wp-json\/wp\/v2\/users\/2"}],"replies":[{"embeddable":true,"href":"https:\/\/laserenaradio.cl\/web\/wp-json\/wp\/v2\/comments?post=15875"}],"version-history":[{"count":1,"href":"https:\/\/laserenaradio.cl\/web\/wp-json\/wp\/v2\/posts\/15875\/revisions"}],"predecessor-version":[{"id":15876,"href":"https:\/\/laserenaradio.cl\/web\/wp-json\/wp\/v2\/posts\/15875\/revisions\/15876"}],"wp:featuredmedia":[{"embeddable":true,"href":"https:\/\/laserenaradio.cl\/web\/wp-json\/wp\/v2\/media\/15874"}],"wp:attachment":[{"href":"https:\/\/laserenaradio.cl\/web\/wp-json\/wp\/v2\/media?parent=15875"}],"wp:term":[{"taxonomy":"category","embeddable":true,"href":"https:\/\/laserenaradio.cl\/web\/wp-json\/wp\/v2\/categories?post=15875"},{"taxonomy":"post_tag","embeddable":true,"href":"https:\/\/laserenaradio.cl\/web\/wp-json\/wp\/v2\/tags?post=15875"}],"curies":[{"name":"wp","href":"https:\/\/api.w.org\/{rel}","templated":true}]}}