{"id":15842,"date":"2025-05-26T21:58:59","date_gmt":"2025-05-27T00:58:59","guid":{"rendered":"https:\/\/laserenaradio.cl\/web\/?p=15842"},"modified":"2025-05-26T21:58:59","modified_gmt":"2025-05-27T00:58:59","slug":"diputada-karol-cariola-respaldo-a-iraci-hassler-tras-cierre-de-investigacion-por-caso-sierra-bella","status":"publish","type":"post","link":"https:\/\/laserenaradio.cl\/web\/2025\/05\/26\/diputada-karol-cariola-respaldo-a-iraci-hassler-tras-cierre-de-investigacion-por-caso-sierra-bella\/","title":{"rendered":"Diputada Karol Cariola respald\u00f3 a Irac\u00ed Hassler tras cierre de investigaci\u00f3n por caso Sierra Bella."},"content":{"rendered":"<p>La diputada Karol Cariola (PC) defendi\u00f3 a Irac\u00ed Hassler (PC), quien fue objeto de una investigaci\u00f3n por el fiscal regional de Coquimbo, Patricio Cooper, en relaci\u00f3n al caso Sierra Bella. Hassler afirm\u00f3 su inocencia y acus\u00f3 oportunismo pol\u00edtico del Partido Republicano. &#8220;Como sostuve desde el primer momento, soy inocente de los cargos que me imputaron pol\u00edticos del Partido Republicano, que mal utilizaron la justicia para obtener ganancias pol\u00edticas&#8221;, expres\u00f3 Hassler durante la tarde de este lunes.<\/p>\n<p>Cariola reiter\u00f3 el mismo mensaje al respaldar a Hassler. &#8220;Como siempre lo sostuvo, Irac\u00ed es inocente. Pol\u00edticos del Partido Republicano usaron la justicia para obtener beneficios pol\u00edticos. En este caso todo fue filtrado a la prensa e intoxicaron a la opini\u00f3n p\u00fablica&#8221;, manifest\u00f3 Cariola.<\/p>\n<p>Adem\u00e1s de respaldar a Hassler, la diputada advirti\u00f3 sobre el uso que se le dar\u00e1 a estas t\u00e1cticas en las pr\u00f3ximas elecciones presidenciales. &#8220;Ese es el libreto de la extrema derecha. Lo aplicar\u00e1n tambi\u00e9n en la presidencial. Hay que estar alertas&#8221;, concluy\u00f3 Cariola.<\/p>\n","protected":false},"excerpt":{"rendered":"<p>La diputada Karol Cariola (PC) defendi\u00f3 a Irac\u00ed Hassler (PC), quien fue objeto de una investigaci\u00f3n por el fiscal regional de Coquimbo, Patricio Cooper, en relaci\u00f3n al caso Sierra Bella. Hassler afirm\u00f3 su inocencia y acus\u00f3 oportunismo pol\u00edtico del Partido Republicano. &#8220;Como sostuve desde el primer momento, soy inocente de los cargos que me imputaron [&hellip;]<\/p>\n","protected":false},"author":2,"featured_media":15841,"comment_status":"closed","ping_status":"open","sticky":false,"template":"","format":"standard","meta":{"_jetpack_memberships_contains_paid_content":false,"jnews-multi-image_gallery":[],"jnews_single_post":[],"jnews_primary_category":[],"jnews_social_meta":[],"jnews_paywall_metabox":[],"jnews_review":[],"enable_review":"","type":"","name":"","summary":"","brand":"","sku":"","good":[],"bad":[],"score_override":"","override_value":"","rating":[],"price":[],"jnews_override_counter":[],"jnews_post_split":[],"footnotes":""},"categories":[83],"tags":[],"class_list":["post-15842","post","type-post","status-publish","format-standard","has-post-thumbnail","hentry","category-politica"],"jetpack_featured_media_url":"https:\/\/laserenaradio.cl\/web\/wp-content\/uploads\/2025\/05\/homepiaiextractoscrapimg_webpHasslercasoPartidoRepublicanoCariola_1.webp","jetpack_sharing_enabled":true,"_links":{"self":[{"href":"https:\/\/laserenaradio.cl\/web\/wp-json\/wp\/v2\/posts\/15842","targetHints":{"allow":["GET"]}}],"collection":[{"href":"https:\/\/laserenaradio.cl\/web\/wp-json\/wp\/v2\/posts"}],"about":[{"href":"https:\/\/laserenaradio.cl\/web\/wp-json\/wp\/v2\/types\/post"}],"author":[{"embeddable":true,"href":"https:\/\/laserenaradio.cl\/web\/wp-json\/wp\/v2\/users\/2"}],"replies":[{"embeddable":true,"href":"https:\/\/laserenaradio.cl\/web\/wp-json\/wp\/v2\/comments?post=15842"}],"version-history":[{"count":1,"href":"https:\/\/laserenaradio.cl\/web\/wp-json\/wp\/v2\/posts\/15842\/revisions"}],"predecessor-version":[{"id":15843,"href":"https:\/\/laserenaradio.cl\/web\/wp-json\/wp\/v2\/posts\/15842\/revisions\/15843"}],"wp:featuredmedia":[{"embeddable":true,"href":"https:\/\/laserenaradio.cl\/web\/wp-json\/wp\/v2\/media\/15841"}],"wp:attachment":[{"href":"https:\/\/laserenaradio.cl\/web\/wp-json\/wp\/v2\/media?parent=15842"}],"wp:term":[{"taxonomy":"category","embeddable":true,"href":"https:\/\/laserenaradio.cl\/web\/wp-json\/wp\/v2\/categories?post=15842"},{"taxonomy":"post_tag","embeddable":true,"href":"https:\/\/laserenaradio.cl\/web\/wp-json\/wp\/v2\/tags?post=15842"}],"curies":[{"name":"wp","href":"https:\/\/api.w.org\/{rel}","templated":true}]}}