{"id":15415,"date":"2025-05-15T17:03:55","date_gmt":"2025-05-15T20:03:55","guid":{"rendered":"https:\/\/laserenaradio.cl\/web\/?p=15415"},"modified":"2025-05-15T17:03:55","modified_gmt":"2025-05-15T20:03:55","slug":"kast-y-matthei-concentran-70-de-votos-inmigrantes","status":"publish","type":"post","link":"https:\/\/laserenaradio.cl\/web\/2025\/05\/15\/kast-y-matthei-concentran-70-de-votos-inmigrantes\/","title":{"rendered":"Kast y Matthei concentran 70% de votos inmigrantes"},"content":{"rendered":"<p>Los candidatos presidenciales Jos\u00e9 Antonio Kast y Evelyn Matthei concentran el 70% de los votos inmigrantes, seg\u00fan un estudio de Panel Ciudadano UDD correspondiente a mayo. Se trata de un sondeo que realiz\u00f3 un estudio con extranjeros que han residido en Chile por m\u00e1s de 5 a\u00f1os y que adem\u00e1s cumplen con los requisitos legales para sufragar en las elecciones presidenciales de 2025.<\/p>\n<p>Recordemos que, seg\u00fan el \u00faltimo Censo 2024, un 8,8% de la poblaci\u00f3n son inmigrantes, mientras m\u00e1s del 5% del padr\u00f3n 2025 corresponde a extranjeros habilitados. Consultados respecto a si hubiera una elecci\u00f3n presidencial el pr\u00f3ximo domingo, un 27% votar\u00eda por el abanderado del Partido Republicano, mientras que un 23% lo har\u00eda por la exalcaldesa de Providencia.<\/p>\n<p>Destacar que, en la medici\u00f3n de abril pasado de los votos inmigrantes, ambos aparec\u00edan empatados con un 28%, lo que implica una ca\u00edda de un punto porcentual para Kast y de 5 puntos para Matthei. M\u00e1s atr\u00e1s, por debajo de los que no saben (16%) y que votar\u00edan nulo (12%), aparece Johannes Kaiser con un 11%. Lejos de los dos d\u00edgitos est\u00e1n Carolina Toh\u00e1 con un 5%, adem\u00e1s de Jeannette Jara, Gonzalo Winter y Franco Parisi, todos estos \u00faltimos con un 2%.<\/p>\n<p>No obstante, si los porcentajes se calculan en base a quienes dan una opini\u00f3n, es decir, donde el 100% no incluye a los que no saben y los que votar\u00edan nulo, la cifra de preferencias por Kast y Matthei llega un 70% entre ambos. De esta forma, el candidato republicano alcanza un 37,8% de las preferencias, en tanto que la abanderada de Chile Vamos llega al 32,2%. Y en el caso del diputado del Partido Nacional Libertario, alcanza un apoyo del 15,4%. El resto de los postulantes a La Moneda, a excepci\u00f3n de Toh\u00e1, que logra un 7%, todos -Jara, Winter y Parisi- marcan un 2,8%.<\/p>\n<p>Otro dato interesante es que Kast lidera el apoyo mayoritario masculino entre los inmigrantes con un 34%, mientras Matthei llega a un 27% entre las mujeres inmigrantes. Considerando la cantidad de venezolanos con residencia en Chile, la candidata de Chile Vamos lidera las preferencias entre los inmigrantes provenientes de ese pa\u00eds con un 38%, seguida a una importante distancia por el l\u00edder de republicanos, con un 22%.<\/p>\n<p>El sondeo midi\u00f3 tambi\u00e9n las posiciones ideol\u00f3gicas de los inmigrantes encuestados a trav\u00e9s de la metodolog\u00eda conocida como \u201cBr\u00fajula Pol\u00edtica\u201d. En el eje econ\u00f3mico, la diferencia es n\u00edtida, donde las personas de nacionalidad venezolana se ubican claramente m\u00e1s a la derecha econ\u00f3mica. Esto refleja mayor apoyo a soluciones de mercado en \u00e1reas como la salud y menor respaldo a la estatizaci\u00f3n de servicios, recursos y pensiones.<\/p>\n<p>En el eje social, la distancia es marginal; los promedios de los tres grupos se concentran en torno al mismo nivel de liberalismo\u2013autoritarismo, con variaciones m\u00ednimas. Por ejemplo, un 36% de los venezolanos apoya que los servicios b\u00e1sicos est\u00e9n exclusivamente en manos del Estado, frente a un 76% de los chilenos consultados en una medici\u00f3n anterior. Asimismo, un 44% respalda un sistema de pensiones estatal, versus el 66% de los chilenos.<\/p>\n","protected":false},"excerpt":{"rendered":"<p>Los candidatos presidenciales Jos\u00e9 Antonio Kast y Evelyn Matthei concentran el 70% de los votos inmigrantes, seg\u00fan un estudio de Panel Ciudadano UDD correspondiente a mayo. Se trata de un sondeo que realiz\u00f3 un estudio con extranjeros que han residido en Chile por m\u00e1s de 5 a\u00f1os y que adem\u00e1s cumplen con los requisitos legales [&hellip;]<\/p>\n","protected":false},"author":2,"featured_media":15414,"comment_status":"closed","ping_status":"open","sticky":false,"template":"","format":"standard","meta":{"_jetpack_memberships_contains_paid_content":false,"jnews-multi-image_gallery":[],"jnews_single_post":[],"jnews_primary_category":[],"jnews_social_meta":[],"jnews_paywall_metabox":[],"jnews_review":[],"enable_review":"","type":"","name":"","summary":"","brand":"","sku":"","good":[],"bad":[],"score_override":"","override_value":"","rating":[],"price":[],"jnews_override_counter":[],"jnews_post_split":[],"footnotes":""},"categories":[83],"tags":[],"class_list":["post-15415","post","type-post","status-publish","format-standard","has-post-thumbnail","hentry","category-politica"],"jetpack_featured_media_url":"https:\/\/laserenaradio.cl\/web\/wp-content\/uploads\/2025\/05\/homepiaiextractoscrapimg_webpinmigrantesKastMattheiconcentran_0.webp","jetpack_sharing_enabled":true,"_links":{"self":[{"href":"https:\/\/laserenaradio.cl\/web\/wp-json\/wp\/v2\/posts\/15415","targetHints":{"allow":["GET"]}}],"collection":[{"href":"https:\/\/laserenaradio.cl\/web\/wp-json\/wp\/v2\/posts"}],"about":[{"href":"https:\/\/laserenaradio.cl\/web\/wp-json\/wp\/v2\/types\/post"}],"author":[{"embeddable":true,"href":"https:\/\/laserenaradio.cl\/web\/wp-json\/wp\/v2\/users\/2"}],"replies":[{"embeddable":true,"href":"https:\/\/laserenaradio.cl\/web\/wp-json\/wp\/v2\/comments?post=15415"}],"version-history":[{"count":1,"href":"https:\/\/laserenaradio.cl\/web\/wp-json\/wp\/v2\/posts\/15415\/revisions"}],"predecessor-version":[{"id":15416,"href":"https:\/\/laserenaradio.cl\/web\/wp-json\/wp\/v2\/posts\/15415\/revisions\/15416"}],"wp:featuredmedia":[{"embeddable":true,"href":"https:\/\/laserenaradio.cl\/web\/wp-json\/wp\/v2\/media\/15414"}],"wp:attachment":[{"href":"https:\/\/laserenaradio.cl\/web\/wp-json\/wp\/v2\/media?parent=15415"}],"wp:term":[{"taxonomy":"category","embeddable":true,"href":"https:\/\/laserenaradio.cl\/web\/wp-json\/wp\/v2\/categories?post=15415"},{"taxonomy":"post_tag","embeddable":true,"href":"https:\/\/laserenaradio.cl\/web\/wp-json\/wp\/v2\/tags?post=15415"}],"curies":[{"name":"wp","href":"https:\/\/api.w.org\/{rel}","templated":true}]}}